{"id":2280,"date":"2016-05-16T12:35:50","date_gmt":"2016-05-16T16:35:50","guid":{"rendered":"http:\/\/inovacao.bellatrix.ufms.br\/?p=2280"},"modified":"2022-07-22T13:50:54","modified_gmt":"2022-07-22T17:50:54","slug":"abertas-vagas-disciplina-topicos-especiais-em-gestao-da-inovacao-tecnologica","status":"publish","type":"post","link":"https:\/\/aginova.ufms.br\/en\/abertas-vagas-disciplina-topicos-especiais-em-gestao-da-inovacao-tecnologica\/","title":{"rendered":"Abertas vagas para T\u00d3PICOS ESPECIAIS EM GEST\u00c3O DA INOVA\u00c7\u00c3O TECNOL\u00d3GICA"},"content":{"rendered":"<p>Na tentativa de trabalhar o comportamento empreendedor dos alunos de gradua\u00e7\u00e3o da UFMS um grupo de professores se organizou para apoiar alunos da universidade que tenham interesse em empreender e inovar.<\/p>\n<p>A Disciplina T\u00d3PICOS ESPECIAIS EM GEST\u00c3O DA INOVA\u00c7\u00c3O TECNOL\u00d3GICA ofertada no curso de Engenharia de produ\u00e7\u00e3o\/FAENG acontecer\u00e1 a partir de 20\/05\/2016, das 13h \u00e0s 15h, presencialmente com carga hor\u00e1ria de 34 horas.<\/p>\n<p>A referida disciplina j\u00e1 foi ofertada no semestre anterior e reuniu alunos de v\u00e1rios cursos como farm\u00e1cia, engenharia de computa\u00e7\u00e3o, engenharia de produ\u00e7\u00e3o, tecnologia de alimentos, ci\u00eancias biol\u00f3gicas, ci\u00eancias sociais e fisioterapia. Trata-se de uma experi\u00eancia rica e cheia de troca de experi\u00eancias.<\/p>\n<p>Na disciplina ser\u00e3o trabalhados os conte\u00fados: Autoconhecimento: Perfil empreendedor; Escolhendo uma ideia de neg\u00f3cio. Descoberta: Inova\u00e7\u00e3o e Diferencial; Modelo de neg\u00f3cios. Pesquisa de Mercado: An\u00e1lise da concorr\u00eancia; An\u00e1lise do perfil de mercado. Propriedade Intelectual: Marca; Patente; Indica\u00e7\u00e3o geogr\u00e1fica e prote\u00e7\u00e3o de software. Plano de Neg\u00f3cios: Plano de marketing; Plano Operacional; Plano financeiro. Capta\u00e7\u00e3o de Recursos. Al\u00e9m de palestras com empreendedores locais.<\/p>\n<p>Os professores respons\u00e1veis pela disciplina s\u00e3o: ANDREA ROMERO KARMOUCHE; ARIEL ORTIZ GOMES; CAMILA DA SILVA SERRA; FRANCISCO BAYARDO MAYORQUIM HORTA BARBOSA; PETER BATISTA CHEUNG; e SERGIO CARVALHO DE ARAUJO.<\/p>\n<p>A disciplina ser\u00e1 ministrada no campus de Campo Grande no Complexo Multiuso.<\/p>\n<p>Os interessados devem solicitar na coordena\u00e7\u00e3o do curso de origem ajuste de matr\u00edcula e enviar e-mail at\u00e9 dia 19.05.2016 para <a href=\"mailto:eprod.faeng@ufms.br\">eprod.faeng@ufms.br<\/a>.<\/p>\n<p><img fetchpriority=\"high\" decoding=\"async\" class=\" wp-image-2281 aligncenter ml-lightbox-enabled\" src=\"http:\/\/inovacao.bellatrix.ufms.br\/files\/2016\/05\/Publica\u00e7\u00e3o-portal-t\u00f3picos-300x225.jpg\" alt=\"\" width=\"531\" height=\"398\" srcset=\"https:\/\/aginova.ufms.br\/files\/2016\/05\/Publica\u00e7\u00e3o-portal-t\u00f3picos-300x225.jpg 300w, https:\/\/aginova.ufms.br\/files\/2016\/05\/Publica\u00e7\u00e3o-portal-t\u00f3picos-768x576.jpg 768w, https:\/\/aginova.ufms.br\/files\/2016\/05\/Publica\u00e7\u00e3o-portal-t\u00f3picos-427x320.jpg 427w, https:\/\/aginova.ufms.br\/files\/2016\/05\/Publica\u00e7\u00e3o-portal-t\u00f3picos.jpg 960w\" sizes=\"(max-width: 531px) 100vw, 531px\" \/><\/p>\n","protected":false},"excerpt":{"rendered":"<p>Na tentativa de trabalhar o comportamento empreendedor dos alunos de gradua\u00e7\u00e3o da UFMS um grupo de professores se organizou para apoiar alunos da universidade que tenham interesse em empreender e inovar. A Disciplina T\u00d3PICOS ESPECIAIS EM GEST\u00c3O DA INOVA\u00c7\u00c3O TECNOL\u00d3GICA ofertada no curso de Engenharia de produ\u00e7\u00e3o\/FAENG acontecer\u00e1 a partir de 20\/05\/2016, das 13h \u00e0s [&hellip;]<\/p>\n","protected":false},"author":2659,"featured_media":2293,"comment_status":"closed","ping_status":"open","sticky":false,"template":"","format":"standard","meta":{"ngg_post_thumbnail":0,"footnotes":""},"categories":[203],"tags":[],"coauthors":[],"class_list":["post-2280","post","type-post","status-publish","format-standard","has-post-thumbnail","hentry","category-noticias-empreendedorismo-inovacao"],"_links":{"self":[{"href":"https:\/\/aginova.ufms.br\/en\/wp-json\/wp\/v2\/posts\/2280","targetHints":{"allow":["GET"]}}],"collection":[{"href":"https:\/\/aginova.ufms.br\/en\/wp-json\/wp\/v2\/posts"}],"about":[{"href":"https:\/\/aginova.ufms.br\/en\/wp-json\/wp\/v2\/types\/post"}],"author":[{"embeddable":true,"href":"https:\/\/aginova.ufms.br\/en\/wp-json\/wp\/v2\/users\/2659"}],"replies":[{"embeddable":true,"href":"https:\/\/aginova.ufms.br\/en\/wp-json\/wp\/v2\/comments?post=2280"}],"version-history":[{"count":5,"href":"https:\/\/aginova.ufms.br\/en\/wp-json\/wp\/v2\/posts\/2280\/revisions"}],"predecessor-version":[{"id":2283,"href":"https:\/\/aginova.ufms.br\/en\/wp-json\/wp\/v2\/posts\/2280\/revisions\/2283"}],"wp:featuredmedia":[{"embeddable":true,"href":"https:\/\/aginova.ufms.br\/en\/wp-json\/wp\/v2\/media\/2293"}],"wp:attachment":[{"href":"https:\/\/aginova.ufms.br\/en\/wp-json\/wp\/v2\/media?parent=2280"}],"wp:term":[{"taxonomy":"category","embeddable":true,"href":"https:\/\/aginova.ufms.br\/en\/wp-json\/wp\/v2\/categories?post=2280"},{"taxonomy":"post_tag","embeddable":true,"href":"https:\/\/aginova.ufms.br\/en\/wp-json\/wp\/v2\/tags?post=2280"},{"taxonomy":"author","embeddable":true,"href":"https:\/\/aginova.ufms.br\/en\/wp-json\/wp\/v2\/coauthors?post=2280"}],"curies":[{"name":"wp","href":"https:\/\/api.w.org\/{rel}","templated":true}]}}