{"id":2304,"date":"2016-05-18T13:45:51","date_gmt":"2016-05-18T17:45:51","guid":{"rendered":"http:\/\/inovacao.bellatrix.ufms.br\/?p=2304"},"modified":"2022-07-22T13:50:54","modified_gmt":"2022-07-22T17:50:54","slug":"inscricoes-abertas-3a-feira-de-solucoes-inovadoras","status":"publish","type":"post","link":"https:\/\/aginova.ufms.br\/en\/inscricoes-abertas-3a-feira-de-solucoes-inovadoras\/","title":{"rendered":"Inscri\u00e7\u00f5es abertas &#8211; 3\u00aa Feira de Solu\u00e7\u00f5es Inovadoras"},"content":{"rendered":"<p>Est\u00e3o abertas as inscri\u00e7\u00f5es para a 3\u00aa Feira de Solu\u00e7\u00f5es Inovadoras,\u00a0uma competi\u00e7\u00e3o de projetos, de car\u00e1ter educacional, promovida pela equipe e coordena\u00e7\u00e3o do projeto \u201cEduca\u00e7\u00e3o Empreendedora na UFMS\u201d e apoiada pelo Chefe da Divis\u00e3o de Apoio ao Empreendedorismo (DIAE), vinculado \u00e0 Coordenadoria de Relacionamento Universidade\/Empresa (CRE\/PROPP), em conson\u00e2ncia com a vis\u00e3o e miss\u00e3o institucional, aqui nomeados de Comiss\u00e3o Organizadora.<\/p>\n<p>A 3\u00aa FSI\u00a0tem como prop\u00f3sito a promover\u00a0atividades de fomento \u00e0 cultura empreendedora por meio da orienta\u00e7\u00e3o, capacita\u00e7\u00e3o e do apoio a novas ideias e iniciativas inovadoras, mobilizando acad\u00eamicos de gradua\u00e7\u00e3o e docentes da Institui\u00e7\u00e3o.\u00a0A atual edi\u00e7\u00e3o apresenta um diferencial: al\u00e9m da exposi\u00e7\u00e3o dos discentes\u00a0de gradua\u00e7\u00e3o, haver\u00e1 uma categoria espec\u00edfica para as <strong>Empresas Juniores<\/strong> da universidade.<\/p>\n<p>As equipes vencedoras (1\u00ba lugar) nas modalidades \u201cProjeto Inovador\u201d e \u201cEmpresa J\u00fanior\u201d, discentes e docentes, ser\u00e3o premiados com uma viagem nacional com o objetivo de visita t\u00e9cnica a empreendimentos inovadores, com transporte e hospedagem paga.<\/p>\n<p>Para saber mais,\u00a0<strong><a href=\"http:\/\/inovacao.bellatrix.ufms.br\/files\/2016\/05\/EDITAL-PROPP-RTR-n-31-de-17-05-2016.pdf\" rel=\"\">acesse o edital<\/a><\/strong>\u00a0do evento!<\/p>\n<p><a href=\"http:\/\/inovacao.bellatrix.ufms.br\/files\/2016\/05\/Anexo-A-Relat\u00f3rio-de-inscri\u00e7\u00e3o.doc\" rel=\"\">Anexo A &#8211; Relat\u00f3rio de inscri\u00e7\u00e3o<\/a><\/p>\n","protected":false},"excerpt":{"rendered":"<p>Est\u00e3o abertas as inscri\u00e7\u00f5es para a 3\u00aa Feira de Solu\u00e7\u00f5es Inovadoras,\u00a0uma competi\u00e7\u00e3o de projetos, de car\u00e1ter educacional, promovida pela equipe e coordena\u00e7\u00e3o do projeto \u201cEduca\u00e7\u00e3o Empreendedora na UFMS\u201d e apoiada pelo Chefe da Divis\u00e3o de Apoio ao Empreendedorismo (DIAE), vinculado \u00e0 Coordenadoria de Relacionamento Universidade\/Empresa (CRE\/PROPP), em conson\u00e2ncia com a vis\u00e3o e miss\u00e3o institucional, aqui [&hellip;]<\/p>\n","protected":false},"author":2659,"featured_media":2306,"comment_status":"closed","ping_status":"open","sticky":false,"template":"","format":"standard","meta":{"ngg_post_thumbnail":0,"footnotes":""},"categories":[203],"tags":[],"coauthors":[],"class_list":["post-2304","post","type-post","status-publish","format-standard","has-post-thumbnail","hentry","category-noticias-empreendedorismo-inovacao"],"_links":{"self":[{"href":"https:\/\/aginova.ufms.br\/en\/wp-json\/wp\/v2\/posts\/2304","targetHints":{"allow":["GET"]}}],"collection":[{"href":"https:\/\/aginova.ufms.br\/en\/wp-json\/wp\/v2\/posts"}],"about":[{"href":"https:\/\/aginova.ufms.br\/en\/wp-json\/wp\/v2\/types\/post"}],"author":[{"embeddable":true,"href":"https:\/\/aginova.ufms.br\/en\/wp-json\/wp\/v2\/users\/2659"}],"replies":[{"embeddable":true,"href":"https:\/\/aginova.ufms.br\/en\/wp-json\/wp\/v2\/comments?post=2304"}],"version-history":[{"count":6,"href":"https:\/\/aginova.ufms.br\/en\/wp-json\/wp\/v2\/posts\/2304\/revisions"}],"predecessor-version":[{"id":2333,"href":"https:\/\/aginova.ufms.br\/en\/wp-json\/wp\/v2\/posts\/2304\/revisions\/2333"}],"wp:featuredmedia":[{"embeddable":true,"href":"https:\/\/aginova.ufms.br\/en\/wp-json\/wp\/v2\/media\/2306"}],"wp:attachment":[{"href":"https:\/\/aginova.ufms.br\/en\/wp-json\/wp\/v2\/media?parent=2304"}],"wp:term":[{"taxonomy":"category","embeddable":true,"href":"https:\/\/aginova.ufms.br\/en\/wp-json\/wp\/v2\/categories?post=2304"},{"taxonomy":"post_tag","embeddable":true,"href":"https:\/\/aginova.ufms.br\/en\/wp-json\/wp\/v2\/tags?post=2304"},{"taxonomy":"author","embeddable":true,"href":"https:\/\/aginova.ufms.br\/en\/wp-json\/wp\/v2\/coauthors?post=2304"}],"curies":[{"name":"wp","href":"https:\/\/api.w.org\/{rel}","templated":true}]}}