{"id":2322,"date":"2016-06-02T11:09:52","date_gmt":"2016-06-02T15:09:52","guid":{"rendered":"http:\/\/inovacao.bellatrix.ufms.br\/?p=2322"},"modified":"2022-07-22T13:50:53","modified_gmt":"2022-07-22T17:50:53","slug":"palestra-e-workshop-empreendedorismo-na-universidade-reune-mais-de-120-calouros-e-veteranos-na-ufms","status":"publish","type":"post","link":"https:\/\/aginova.ufms.br\/en\/palestra-e-workshop-empreendedorismo-na-universidade-reune-mais-de-120-calouros-e-veteranos-na-ufms\/","title":{"rendered":"Palestra e workshop \u201cEmpreendedorismo na Universidade\u201d re\u00fane mais de 120 calouros e veteranos na UFMS"},"content":{"rendered":"<p>A palestra seguida de workshop, \u201cEmpreendedorismo na Universidade\u201d, ministrada pelo membro honor\u00e1rio do Instituto para a Forma\u00e7\u00e3o de L\u00edderes de S\u00e3o Paulo, Pedro Monteiro, no \u00faltimo dia 18, reuniu mais de 120 calouros e veteranos com o intuito de sensibiliz\u00e1-los para as iniciativas empreendedoras ao longo de sua forma\u00e7\u00e3o.<\/p>\n<p>Com o intuito de ensinar a identificar oportunidades de mercado ao longo da gradua\u00e7\u00e3o desde o in\u00edcio da mesma sendo um dos objetivos do projeto Educa\u00e7\u00e3o Empreendedora, a palestra foi pensada como uma recep\u00e7\u00e3o para os calouros e, al\u00e9m das atividades durante o evento, tamb\u00e9m foram sorteados exemplares dos livros \u201cDecolando para o Futuro\u201d e \u201cEmpreendedorismo na veia: um aprendizado constante\u201d.<\/p>\n<p>Para o calouro do curso de Jornalismo, Matheus Carvalho, de 17 anos, esse tipo de iniciativa \u00e9 fundamental pois \u201c\u00e0s vezes o aluno tem alguma ideia em mente mas n\u00e3o sabe como colocar em pr\u00e1tica, e essas palestras e workshops acabam mostrando o caminho\u201d.<\/p>\n<p>E dando continuidade a iniciativa de promover o empreendedorismo na universidade, as inscri\u00e7\u00f5es para a 3\u00aa Feira de Solu\u00e7\u00f5es Inovadoras, uma competi\u00e7\u00e3o de projetos, de car\u00e1ter educacional, est\u00e3o abertas at\u00e9 o dia 21 de junho. O evento acontece nos dias 20 e 21 de julho no bloco Multiuso Dercir Pedro de Oliveira do Campus da Cidade Universit\u00e1ria da UFMS.<\/p>\n<p>A 3\u00aa FSI \u00e9 promovida pela equipe e coordena\u00e7\u00e3o do projeto \u201cEduca\u00e7\u00e3o Empreendedora na UFMS\u201d e apoiada pelo Chefe da Divis\u00e3o de Apoio ao Empreendedorismo (DIAE), vinculado \u00e0 Coordenadoria de Relacionamento Universidade\/Empresa (CRE\/PROPP), em conson\u00e2ncia com a vis\u00e3o e miss\u00e3o institucuinal, aqui nomeados de Comiss\u00e3o Organizadora.<\/p>\n<p>Para saber mais, acesse o edital (http:\/\/inovacao.bellatrix.ufms.br\/files\/2016\/05\/EDITAL-PROPP-RTR-n-31-de-17-05-2016.pdf) do evento!<\/p>\n","protected":false},"excerpt":{"rendered":"<p>A palestra seguida de workshop, \u201cEmpreendedorismo na Universidade\u201d, ministrada pelo membro honor\u00e1rio do Instituto para a Forma\u00e7\u00e3o de L\u00edderes de S\u00e3o Paulo, Pedro Monteiro, no \u00faltimo dia 18, reuniu mais de 120 calouros e veteranos com o intuito de sensibiliz\u00e1-los para as iniciativas empreendedoras ao longo de sua forma\u00e7\u00e3o. Com o intuito de ensinar a [&hellip;]<\/p>\n","protected":false},"author":2659,"featured_media":2323,"comment_status":"closed","ping_status":"open","sticky":false,"template":"","format":"standard","meta":{"ngg_post_thumbnail":0,"footnotes":""},"categories":[203],"tags":[],"coauthors":[],"class_list":["post-2322","post","type-post","status-publish","format-standard","has-post-thumbnail","hentry","category-noticias-empreendedorismo-inovacao"],"_links":{"self":[{"href":"https:\/\/aginova.ufms.br\/en\/wp-json\/wp\/v2\/posts\/2322","targetHints":{"allow":["GET"]}}],"collection":[{"href":"https:\/\/aginova.ufms.br\/en\/wp-json\/wp\/v2\/posts"}],"about":[{"href":"https:\/\/aginova.ufms.br\/en\/wp-json\/wp\/v2\/types\/post"}],"author":[{"embeddable":true,"href":"https:\/\/aginova.ufms.br\/en\/wp-json\/wp\/v2\/users\/2659"}],"replies":[{"embeddable":true,"href":"https:\/\/aginova.ufms.br\/en\/wp-json\/wp\/v2\/comments?post=2322"}],"version-history":[{"count":1,"href":"https:\/\/aginova.ufms.br\/en\/wp-json\/wp\/v2\/posts\/2322\/revisions"}],"predecessor-version":[{"id":2324,"href":"https:\/\/aginova.ufms.br\/en\/wp-json\/wp\/v2\/posts\/2322\/revisions\/2324"}],"wp:featuredmedia":[{"embeddable":true,"href":"https:\/\/aginova.ufms.br\/en\/wp-json\/wp\/v2\/media\/2323"}],"wp:attachment":[{"href":"https:\/\/aginova.ufms.br\/en\/wp-json\/wp\/v2\/media?parent=2322"}],"wp:term":[{"taxonomy":"category","embeddable":true,"href":"https:\/\/aginova.ufms.br\/en\/wp-json\/wp\/v2\/categories?post=2322"},{"taxonomy":"post_tag","embeddable":true,"href":"https:\/\/aginova.ufms.br\/en\/wp-json\/wp\/v2\/tags?post=2322"},{"taxonomy":"author","embeddable":true,"href":"https:\/\/aginova.ufms.br\/en\/wp-json\/wp\/v2\/coauthors?post=2322"}],"curies":[{"name":"wp","href":"https:\/\/api.w.org\/{rel}","templated":true}]}}