{"id":2336,"date":"2016-06-21T08:56:44","date_gmt":"2016-06-21T12:56:44","guid":{"rendered":"http:\/\/inovacao.bellatrix.ufms.br\/?p=2336"},"modified":"2022-07-22T13:50:53","modified_gmt":"2022-07-22T17:50:53","slug":"3a-feira-de-solucoes-inovadoras-acontece-nos-dias-20-e-21-de-julho","status":"publish","type":"post","link":"https:\/\/aginova.ufms.br\/en\/3a-feira-de-solucoes-inovadoras-acontece-nos-dias-20-e-21-de-julho\/","title":{"rendered":"3\u00aa Feira de Solu\u00e7\u00f5es Inovadoras acontece nos dias 20 e 21 de julho"},"content":{"rendered":"<p>A 3\u00aa Feira de Solu\u00e7\u00f5es Inovadoras, que acontece no Complexo Multiuso Dercir Pedro de Oliveira, nos dias 20 e 21 de julho a partir das 14h30, \u00e9 uma competi\u00e7\u00e3o de projetos de car\u00e1ter educacional.<\/p>\n<p>O prop\u00f3sito do evento \u00e9 promover atividades de fomento \u00e0 cultura empreendedora por meio da orienta\u00e7\u00e3o, capacita\u00e7\u00e3o e apoio a novas ideias e iniciativas inovadoras, mobilizando acad\u00eamicos de gradua\u00e7\u00e3o e docentes da institui\u00e7\u00e3o.<\/p>\n<p><iframe title=\"1\u00ba FEIRA DE INOVA\u00c7\u00d5ES TECNOLOGICAS\" width=\"500\" height=\"375\" src=\"https:\/\/www.youtube.com\/embed\/ZrObuk-rBTQ?feature=oembed\" frameborder=\"0\" allow=\"accelerometer; autoplay; clipboard-write; encrypted-media; gyroscope; picture-in-picture; web-share\" referrerpolicy=\"strict-origin-when-cross-origin\" allowfullscreen><\/iframe><\/p>\n<p>A 1\u00aa Edi\u00e7\u00e3o da Feira de Solu\u00e7\u00f5es Inovadoras aconteceu no dia 11 de jun de 2015, <a href=\"http:\/\/inovacao.bellatrix.ufms.br\/1a-feira-de-solucoes-inovadoras\/\">confira aqui<\/a>\u00a0mais informa\u00e7\u00f5es.<\/p>\n<p>A atual edi\u00e7\u00e3o conta, al\u00e9m das exposi\u00e7\u00f5es dos discentes de gradua\u00e7\u00e3o, com uma categoria espec\u00edfica para as Empresas Juniores da UFMS e premia\u00e7\u00e3o de propostas com destaque para modelo de Neg\u00f3cios Sociais.<\/p>\n<p>Composta por tr\u00eas fases, sendo a primeira inscri\u00e7\u00e3o dos participantes e a segunda a capacita\u00e7\u00e3o em Modelo de Neg\u00f3cios (CANVAS) das equipes selecionadas, a terceira \u00e9 a exposi\u00e7\u00e3o que conta diretamente com a avalia\u00e7\u00e3o do p\u00fablico, que \u201cinveste\u201d em seus projetos favoritos.<\/p>\n<p>Os valores acumulados por cada proposta resultar\u00e3o numa nota que influenciar\u00e1 em 10% da nota final que definir\u00e1 os vencedores de cada modalidade. Al\u00e9m da competi\u00e7\u00e3o, o evento tamb\u00e9m ter\u00e1 palestras sobre empreendedorismo e inova\u00e7\u00e3o e movimento j\u00fanior para todos os p\u00fablicos.<\/p>\n<p><iframe title=\"2\u00ba FEIRA DE INOVA\u00c7\u00d5ES TECNOLOGICAS\" width=\"500\" height=\"375\" src=\"https:\/\/www.youtube.com\/embed\/d_t0EKZ2PVU?feature=oembed\" frameborder=\"0\" allow=\"accelerometer; autoplay; clipboard-write; encrypted-media; gyroscope; picture-in-picture; web-share\" referrerpolicy=\"strict-origin-when-cross-origin\" allowfullscreen><\/iframe><\/p>\n<p>A 2\u00aa Edi\u00e7\u00e3o da Feira de Solu\u00e7\u00f5es Inovadoras aconteceu nos dias 24 e 25 de nov de 2015, <a href=\"http:\/\/inovacao.bellatrix.ufms.br\/2a-fsi\/\">confira aqui<\/a>\u00a0mais informa\u00e7\u00f5es.<\/p>\n<p>As equipes vencedoras nas modalidades \u201cProjeto Inovador\u201d e \u201cEmpresa J\u00ednior\u201d, discentes e docentes, ser\u00e3o premiados com uma viagem nacional com o objetivo de visita t\u00e9cnica a empreendimentos inovadores, com transporte e hospedagem pagas.<\/p>\n<p>A 3\u00aa Feira de Solu\u00e7\u00f5es Inovadoras \u00e9 promovida pela equipe do projeto \u201cEduca\u00e7\u00e3o Empreendedora na UFMS\u201d e apoiada pelo Chefe da Divis\u00e3o de Apoio ao Empreendedorismo (DIAE), vinculado \u00e0 Coordenadoria de Relacionamento Universidade\/Empresa (CRE\/PROPP), em conson\u00e2ncia com a vis\u00e3o e miss\u00e3o institucional.<\/p>\n<p>Para mais informa\u00e7\u00f5es, <a href=\"http:\/\/inovacao.bellatrix.ufms.br\/files\/2016\/05\/EDITAL-PROPP-RTR-n-31-de-17-05-2016.pdf\">confira o edital<\/a>.<\/p>\n","protected":false},"excerpt":{"rendered":"<p>A 3\u00aa Feira de Solu\u00e7\u00f5es Inovadoras, que acontece no Complexo Multiuso Dercir Pedro de Oliveira, nos dias 20 e 21 de julho a partir das 14h30, \u00e9 uma competi\u00e7\u00e3o de projetos de car\u00e1ter educacional. O prop\u00f3sito do evento \u00e9 promover atividades de fomento \u00e0 cultura empreendedora por meio da orienta\u00e7\u00e3o, capacita\u00e7\u00e3o e apoio a novas [&hellip;]<\/p>\n","protected":false},"author":5740,"featured_media":0,"comment_status":"closed","ping_status":"open","sticky":false,"template":"","format":"standard","meta":{"ngg_post_thumbnail":0,"footnotes":""},"categories":[4,203],"tags":[],"coauthors":[],"class_list":["post-2336","post","type-post","status-publish","format-standard","hentry","category-destaques","category-noticias-empreendedorismo-inovacao"],"_links":{"self":[{"href":"https:\/\/aginova.ufms.br\/en\/wp-json\/wp\/v2\/posts\/2336","targetHints":{"allow":["GET"]}}],"collection":[{"href":"https:\/\/aginova.ufms.br\/en\/wp-json\/wp\/v2\/posts"}],"about":[{"href":"https:\/\/aginova.ufms.br\/en\/wp-json\/wp\/v2\/types\/post"}],"author":[{"embeddable":true,"href":"https:\/\/aginova.ufms.br\/en\/wp-json\/wp\/v2\/users\/5740"}],"replies":[{"embeddable":true,"href":"https:\/\/aginova.ufms.br\/en\/wp-json\/wp\/v2\/comments?post=2336"}],"version-history":[{"count":7,"href":"https:\/\/aginova.ufms.br\/en\/wp-json\/wp\/v2\/posts\/2336\/revisions"}],"predecessor-version":[{"id":2374,"href":"https:\/\/aginova.ufms.br\/en\/wp-json\/wp\/v2\/posts\/2336\/revisions\/2374"}],"wp:attachment":[{"href":"https:\/\/aginova.ufms.br\/en\/wp-json\/wp\/v2\/media?parent=2336"}],"wp:term":[{"taxonomy":"category","embeddable":true,"href":"https:\/\/aginova.ufms.br\/en\/wp-json\/wp\/v2\/categories?post=2336"},{"taxonomy":"post_tag","embeddable":true,"href":"https:\/\/aginova.ufms.br\/en\/wp-json\/wp\/v2\/tags?post=2336"},{"taxonomy":"author","embeddable":true,"href":"https:\/\/aginova.ufms.br\/en\/wp-json\/wp\/v2\/coauthors?post=2336"}],"curies":[{"name":"wp","href":"https:\/\/api.w.org\/{rel}","templated":true}]}}