{"id":2349,"date":"2016-06-23T09:35:39","date_gmt":"2016-06-23T13:35:39","guid":{"rendered":"http:\/\/inovacao.bellatrix.ufms.br\/?p=2349"},"modified":"2022-07-22T13:50:53","modified_gmt":"2022-07-22T17:50:53","slug":"inscricoes-prorrogadas-para-3a-feira-de-solucoes-inovadoras","status":"publish","type":"post","link":"https:\/\/aginova.ufms.br\/en\/inscricoes-prorrogadas-para-3a-feira-de-solucoes-inovadoras\/","title":{"rendered":"Inscri\u00e7\u00f5es prorrogadas para 3\u00aa Feira de Solu\u00e7\u00f5es Inovadoras"},"content":{"rendered":"<p>As inscri\u00e7\u00f5es para a 3\u00aa Feira de Solu\u00e7\u00f5es Inovadoras foram prorrogadas at\u00e9 o dia 26 de junho de 2016. Escolha entre as modalidades \u201cProjeto Inovador\u201d ou \u201cEmpresa J\u00fanior\u201d e fa\u00e7a sua inscri\u00e7\u00e3o.<\/p>\n<p>A 3\u00aa FSI \u00e9 uma competi\u00e7\u00e3o de projetos, de car\u00e1ter educacional, que tem o prop\u00f3sito de promover atividades de fomento \u00e0 cultura empreendedora por meio da orienta\u00e7\u00e3o, capacita\u00e7\u00e3o e do apoio a novas ideias e iniciativas inovadoras, mobilizando acad\u00eamicos de gradua\u00e7\u00e3o e docentes da institui\u00e7\u00e3o.<\/p>\n<p>As equipes vencedoras de cada modalidade ganhar\u00e3o, discentes e docentes, uma viagem nacional com o objetivo de visita t\u00e9cnica a empreendimentos inovadores, com transporte e hospedagem pagas.<\/p>\n<p>A 3\u00aa Feira de Solu\u00e7\u00f5es Inovadoras \u00e9 promovida pela equipe do projeto \u201cEduca\u00e7\u00e3o Empreendedora na UFMS\u201d, apoiada pelo Chefe da Divis\u00e3o de Apoio ao Empreendedorismo (DIAE), vinculado \u00e0 Coordenadoria de Relacionamento Universidade\/Empresa (CRE\/PROPP), em conson\u00e2ncia com a vis\u00e3o e miss\u00e3o institucional, aqui nomeados de Comiss\u00e3o Organizadora.<\/p>\n<p>&nbsp;<\/p>\n<p>Para mais informa\u00e7\u00f5es, <a href=\"http:\/\/inovacao.bellatrix.ufms.br\/files\/2016\/05\/EDITAL-PROPP-RTR-n-31-de-17-05-2016.pdf\">acesse o edital<\/a> do evento e confira os novos prazos no <strong>edital de prorroga\u00e7\u00e3o<\/strong>\u00a0clicando <a href=\"http:\/\/inovacao.bellatrix.ufms.br\/files\/2016\/06\/Prorroga\u00e7\u00e3o-EDITAL-PROPP-RTR-n-39-de-20-06-2016.pdf\">AQUI<\/a>.<\/p>\n","protected":false},"excerpt":{"rendered":"<p>As inscri\u00e7\u00f5es para a 3\u00aa Feira de Solu\u00e7\u00f5es Inovadoras foram prorrogadas at\u00e9 o dia 26 de junho de 2016. Escolha entre as modalidades \u201cProjeto Inovador\u201d ou \u201cEmpresa J\u00fanior\u201d e fa\u00e7a sua inscri\u00e7\u00e3o. A 3\u00aa FSI \u00e9 uma competi\u00e7\u00e3o de projetos, de car\u00e1ter educacional, que tem o prop\u00f3sito de promover atividades de fomento \u00e0 cultura empreendedora [&hellip;]<\/p>\n","protected":false},"author":5740,"featured_media":2350,"comment_status":"closed","ping_status":"open","sticky":false,"template":"","format":"standard","meta":{"ngg_post_thumbnail":0,"footnotes":""},"categories":[203],"tags":[],"coauthors":[],"class_list":["post-2349","post","type-post","status-publish","format-standard","has-post-thumbnail","hentry","category-noticias-empreendedorismo-inovacao"],"_links":{"self":[{"href":"https:\/\/aginova.ufms.br\/en\/wp-json\/wp\/v2\/posts\/2349","targetHints":{"allow":["GET"]}}],"collection":[{"href":"https:\/\/aginova.ufms.br\/en\/wp-json\/wp\/v2\/posts"}],"about":[{"href":"https:\/\/aginova.ufms.br\/en\/wp-json\/wp\/v2\/types\/post"}],"author":[{"embeddable":true,"href":"https:\/\/aginova.ufms.br\/en\/wp-json\/wp\/v2\/users\/5740"}],"replies":[{"embeddable":true,"href":"https:\/\/aginova.ufms.br\/en\/wp-json\/wp\/v2\/comments?post=2349"}],"version-history":[{"count":4,"href":"https:\/\/aginova.ufms.br\/en\/wp-json\/wp\/v2\/posts\/2349\/revisions"}],"predecessor-version":[{"id":2363,"href":"https:\/\/aginova.ufms.br\/en\/wp-json\/wp\/v2\/posts\/2349\/revisions\/2363"}],"wp:featuredmedia":[{"embeddable":true,"href":"https:\/\/aginova.ufms.br\/en\/wp-json\/wp\/v2\/media\/2350"}],"wp:attachment":[{"href":"https:\/\/aginova.ufms.br\/en\/wp-json\/wp\/v2\/media?parent=2349"}],"wp:term":[{"taxonomy":"category","embeddable":true,"href":"https:\/\/aginova.ufms.br\/en\/wp-json\/wp\/v2\/categories?post=2349"},{"taxonomy":"post_tag","embeddable":true,"href":"https:\/\/aginova.ufms.br\/en\/wp-json\/wp\/v2\/tags?post=2349"},{"taxonomy":"author","embeddable":true,"href":"https:\/\/aginova.ufms.br\/en\/wp-json\/wp\/v2\/coauthors?post=2349"}],"curies":[{"name":"wp","href":"https:\/\/api.w.org\/{rel}","templated":true}]}}