{"id":2361,"date":"2016-06-27T22:30:41","date_gmt":"2016-06-28T02:30:41","guid":{"rendered":"http:\/\/inovacao.bellatrix.ufms.br\/?p=2361"},"modified":"2022-07-22T13:50:53","modified_gmt":"2022-07-22T17:50:53","slug":"resultado-fase-i-3a-feira-de-solucoes-inovadoras","status":"publish","type":"post","link":"https:\/\/aginova.ufms.br\/en\/resultado-fase-i-3a-feira-de-solucoes-inovadoras\/","title":{"rendered":"Resultado parcial FASE I \u2013 3\u00aa Feira de Solu\u00e7\u00f5es Inovadoras"},"content":{"rendered":"<p>Divulgada a lista de candidatos com inscri\u00e7\u00f5es deferidas e indeferidas na FASE I do processo seletivo da Terceira Feira de Solu\u00e7\u00f5es Inovadoras, ap\u00f3s a aplica\u00e7\u00e3o dos crit\u00e9rios previstos no edital n\u00ba 39, de 17 de maio de 2016, visando \u00e0 sele\u00e7\u00e3o, participa\u00e7\u00e3o e premia\u00e7\u00e3o de grupos de alunos de gradua\u00e7\u00e3o e professores.<\/p>\n<p>Conforme previsto no referido edital, os integrantes dos grupos com inscri\u00e7\u00f5es indeferidas poder\u00e3o recorrer at\u00e9 o dia 29 de junho de 2016, \u00e0s 17h.<\/p>\n<p>&nbsp;<\/p>\n<p>Acesse aqui\u00a0a lista de inscri\u00e7\u00f5es deferidas e indeferidas:\u00a0<a href=\"http:\/\/inovacao.bellatrix.ufms.br\/files\/2016\/06\/Resultado-fase-I-3\u00aa-FSI.pdf\">Resultado fase I 3\u00aa FSI<\/a><\/p>\n<p>&nbsp;<\/p>\n<p>Para saber mais sobre a prorroga\u00e7\u00e3o dos prazos da Feira de Solu\u00e7\u00f5es Inovadoras acesse,\u00a0<a href=\"http:\/\/inovacao.bellatrix.ufms.br\/files\/2016\/06\/EDITAL_PROPP-RTR_n_39_de_20-06-2016..pdf\">EDITAL_(PROPP-RTR)_n_39,_de_20-06-2016.<\/a><\/p>\n","protected":false},"excerpt":{"rendered":"<p>Divulgada a lista de candidatos com inscri\u00e7\u00f5es deferidas e indeferidas na FASE I do processo seletivo da Terceira Feira de Solu\u00e7\u00f5es Inovadoras, ap\u00f3s a aplica\u00e7\u00e3o dos crit\u00e9rios previstos no edital n\u00ba 39, de 17 de maio de 2016, visando \u00e0 sele\u00e7\u00e3o, participa\u00e7\u00e3o e premia\u00e7\u00e3o de grupos de alunos de gradua\u00e7\u00e3o e professores. Conforme previsto no [&hellip;]<\/p>\n","protected":false},"author":5740,"featured_media":2366,"comment_status":"closed","ping_status":"open","sticky":false,"template":"","format":"standard","meta":{"ngg_post_thumbnail":0,"footnotes":""},"categories":[203],"tags":[56],"coauthors":[],"class_list":["post-2361","post","type-post","status-publish","format-standard","has-post-thumbnail","hentry","category-noticias-empreendedorismo-inovacao","tag-feira-de-solucoes-inovadoras"],"_links":{"self":[{"href":"https:\/\/aginova.ufms.br\/en\/wp-json\/wp\/v2\/posts\/2361","targetHints":{"allow":["GET"]}}],"collection":[{"href":"https:\/\/aginova.ufms.br\/en\/wp-json\/wp\/v2\/posts"}],"about":[{"href":"https:\/\/aginova.ufms.br\/en\/wp-json\/wp\/v2\/types\/post"}],"author":[{"embeddable":true,"href":"https:\/\/aginova.ufms.br\/en\/wp-json\/wp\/v2\/users\/5740"}],"replies":[{"embeddable":true,"href":"https:\/\/aginova.ufms.br\/en\/wp-json\/wp\/v2\/comments?post=2361"}],"version-history":[{"count":7,"href":"https:\/\/aginova.ufms.br\/en\/wp-json\/wp\/v2\/posts\/2361\/revisions"}],"predecessor-version":[{"id":2376,"href":"https:\/\/aginova.ufms.br\/en\/wp-json\/wp\/v2\/posts\/2361\/revisions\/2376"}],"wp:featuredmedia":[{"embeddable":true,"href":"https:\/\/aginova.ufms.br\/en\/wp-json\/wp\/v2\/media\/2366"}],"wp:attachment":[{"href":"https:\/\/aginova.ufms.br\/en\/wp-json\/wp\/v2\/media?parent=2361"}],"wp:term":[{"taxonomy":"category","embeddable":true,"href":"https:\/\/aginova.ufms.br\/en\/wp-json\/wp\/v2\/categories?post=2361"},{"taxonomy":"post_tag","embeddable":true,"href":"https:\/\/aginova.ufms.br\/en\/wp-json\/wp\/v2\/tags?post=2361"},{"taxonomy":"author","embeddable":true,"href":"https:\/\/aginova.ufms.br\/en\/wp-json\/wp\/v2\/coauthors?post=2361"}],"curies":[{"name":"wp","href":"https:\/\/api.w.org\/{rel}","templated":true}]}}