{"id":2378,"date":"2016-06-30T21:12:02","date_gmt":"2016-07-01T01:12:02","guid":{"rendered":"http:\/\/inovacao.bellatrix.ufms.br\/?p=2378"},"modified":"2022-07-22T13:50:52","modified_gmt":"2022-07-22T17:50:52","slug":"resultado-final-fase-i-3a-feira-de-solucoes-inovadoras-2","status":"publish","type":"post","link":"https:\/\/aginova.ufms.br\/en\/resultado-final-fase-i-3a-feira-de-solucoes-inovadoras-2\/","title":{"rendered":"Resultado final [Fase I] &#8211; 3\u00aa Feira de Solu\u00e7\u00f5es Inovadoras"},"content":{"rendered":"<p style=\"text-align: left\">A Comiss\u00e3o Organizadora da Terceira Feira de Solu\u00e7\u00f5es Inovadoras, referente ao edital (PROPP-RTR) n 31, de 17-05-2016, , no uso de suas atribui\u00e7\u00f5es e demais dispositivos aplic\u00e1veis, torna p\u00fablico o Resultado Final das propostas deferidas e indeferidas na FASE I, p\u00f3s per\u00edodo de reconsidera\u00e7\u00e3o previsto no edital (PROPP-RTR) n 39, de 20-06-2016.<\/p>\n<p>A listagem de grupos pode ser conferida no link:<\/p>\n<p><a href=\"http:\/\/inovacao.bellatrix.ufms.br\/files\/2016\/06\/Resultado-FINAL-Fase-I-da-3\u00aa-FSI.pdf\">Resultado FINAL &#8211; Fase I da 3\u00aa FSI<\/a><\/p>\n","protected":false},"excerpt":{"rendered":"<p>A Comiss\u00e3o Organizadora da Terceira Feira de Solu\u00e7\u00f5es Inovadoras, referente ao edital (PROPP-RTR) n 31, de 17-05-2016, , no uso de suas atribui\u00e7\u00f5es e demais dispositivos aplic\u00e1veis, torna p\u00fablico o Resultado Final das propostas deferidas e indeferidas na FASE I, p\u00f3s per\u00edodo de reconsidera\u00e7\u00e3o previsto no edital (PROPP-RTR) n 39, de 20-06-2016. A listagem de [&hellip;]<\/p>\n","protected":false},"author":2659,"featured_media":2366,"comment_status":"closed","ping_status":"open","sticky":false,"template":"","format":"standard","meta":{"ngg_post_thumbnail":0,"footnotes":""},"categories":[4,203],"tags":[],"coauthors":[],"class_list":["post-2378","post","type-post","status-publish","format-standard","has-post-thumbnail","hentry","category-destaques","category-noticias-empreendedorismo-inovacao"],"_links":{"self":[{"href":"https:\/\/aginova.ufms.br\/en\/wp-json\/wp\/v2\/posts\/2378","targetHints":{"allow":["GET"]}}],"collection":[{"href":"https:\/\/aginova.ufms.br\/en\/wp-json\/wp\/v2\/posts"}],"about":[{"href":"https:\/\/aginova.ufms.br\/en\/wp-json\/wp\/v2\/types\/post"}],"author":[{"embeddable":true,"href":"https:\/\/aginova.ufms.br\/en\/wp-json\/wp\/v2\/users\/2659"}],"replies":[{"embeddable":true,"href":"https:\/\/aginova.ufms.br\/en\/wp-json\/wp\/v2\/comments?post=2378"}],"version-history":[{"count":4,"href":"https:\/\/aginova.ufms.br\/en\/wp-json\/wp\/v2\/posts\/2378\/revisions"}],"predecessor-version":[{"id":2384,"href":"https:\/\/aginova.ufms.br\/en\/wp-json\/wp\/v2\/posts\/2378\/revisions\/2384"}],"wp:featuredmedia":[{"embeddable":true,"href":"https:\/\/aginova.ufms.br\/en\/wp-json\/wp\/v2\/media\/2366"}],"wp:attachment":[{"href":"https:\/\/aginova.ufms.br\/en\/wp-json\/wp\/v2\/media?parent=2378"}],"wp:term":[{"taxonomy":"category","embeddable":true,"href":"https:\/\/aginova.ufms.br\/en\/wp-json\/wp\/v2\/categories?post=2378"},{"taxonomy":"post_tag","embeddable":true,"href":"https:\/\/aginova.ufms.br\/en\/wp-json\/wp\/v2\/tags?post=2378"},{"taxonomy":"author","embeddable":true,"href":"https:\/\/aginova.ufms.br\/en\/wp-json\/wp\/v2\/coauthors?post=2378"}],"curies":[{"name":"wp","href":"https:\/\/api.w.org\/{rel}","templated":true}]}}