{"id":2409,"date":"2016-07-12T09:14:26","date_gmt":"2016-07-12T13:14:26","guid":{"rendered":"http:\/\/inovacao.bellatrix.ufms.br\/?p=2409"},"modified":"2022-07-22T13:50:52","modified_gmt":"2022-07-22T17:50:52","slug":"aberta-as-parcerias-na-3a-feira-de-solucoes-inovadoras","status":"publish","type":"post","link":"https:\/\/aginova.ufms.br\/en\/aberta-as-parcerias-na-3a-feira-de-solucoes-inovadoras\/","title":{"rendered":"Aberta as parcerias na 3\u00aa Feira de Solu\u00e7\u00f5es Inovadoras"},"content":{"rendered":"<p>Est\u00e1 aberto o processo de parcerias e apoio para a 3\u00aa Feira de Solu\u00e7\u00f5es Inovadoras. A 3\u00aa FSI \u00e9 uma competi\u00e7\u00e3o de projetos de car\u00e1ter educacional. O prop\u00f3sito do evento \u00e9 promover atividades de fomento \u00e0 cultura empreendedora por meio da orienta\u00e7\u00e3o, capacita\u00e7\u00e3o e apoio a novas ideias e iniciativas inovadoras, mobilizando acad\u00eamicos de gradua\u00e7\u00e3o e docentes da institui\u00e7\u00e3o.<br \/>\nA feira ter\u00e1 como participantes alunos, professores e t\u00e9cnicos da UFMS, empres\u00e1rios e representantes de institui\u00e7\u00f5es como SEBRAE, SENAI, Embrapa, Anjos do Brasil, empres\u00e1rios, al\u00e9m de visitantes externos em geral. Para atrair este p\u00fablico a feira contar\u00e1 com o apoio das assessorias de comunica\u00e7\u00e3o da UFMS e do SEBRAE, incluindo toda a rede de parceiros que ambos possuem para divulga\u00e7\u00e3o de eventos. Como atrativo tamb\u00e9m ser\u00e3o oferecidas palestras relacionadas ao tema. O p\u00fablico estimado para a feira \u00e9 de 150 participantes diretos e 600 visitantes ao longo do evento.<br \/>\nA 1\u00aa Feira de Solu\u00e7\u00f5es Inovadoras da UFMS que aconteceu em 11\/06\/2015 contou com a participa\u00e7\u00e3o de aproximadamente 400 pessoas, j\u00e1 a 2\u00aa Feira que aconteceu nos dias 24 e 25\/11\/2015, contou com 600 pessoas.<br \/>\nAssim, sua empresa n\u00e3o vai querer ficar de fora deste evento, e esta parceria poder\u00e1 acontecer com mentoria e avalia\u00e7\u00e3o dos projetos.<\/p>\n<p>A avalia\u00e7\u00e3o ser\u00e1 online e presencial, com atividades em tr\u00eas momentos:<br \/>\n(Fase I) \u2013 Avalia\u00e7\u00e3o online dos projetos (04 a 07 de julho);<br \/>\n(Fase III) \u2013 Avalia\u00e7\u00e3o da exposi\u00e7\u00e3o dos Projetos (20 de julho, das 14h30 \u00e0s 17h);<br \/>\n(Fase IV) \u2013 Avalia\u00e7\u00e3o do PITCH (21 de julho, das 16h30 \u00e0s 17h30).<\/p>\n<p>O local do evento ser\u00e1 na Universidade Federal de Mato Grosso do Sul, no Complexo Multiuso Dercir Pedro de Oliveira. Solicitamos ainda na possibilidade de aceite do convite como avaliadores, acessar o link abaixo e confirmar a presen\u00e7a caso possa colaborar conosco este ano.<br \/>\nhttp:\/\/goo.gl\/forms\/aw9eF0388I5ws0SJ3<\/p>\n<p>Em contrapartida a sua empresa poder\u00e1 utilizar material de divulga\u00e7\u00e3o (distribu\u00edda pela equipe do evento), fazer inser\u00e7\u00f5es audiovisuais em equipamento que estar\u00e1 dispon\u00edvel para tal e\/ou realizar divulga\u00e7\u00e3o de seus servi\u00e7os in loco.<\/p>\n<p>Qualquer d\u00favida envie um e-mail para cre.propp@ufms.br<\/p>\n","protected":false},"excerpt":{"rendered":"<p>Est\u00e1 aberto o processo de parcerias e apoio para a 3\u00aa Feira de Solu\u00e7\u00f5es Inovadoras. A 3\u00aa FSI \u00e9 uma competi\u00e7\u00e3o de projetos de car\u00e1ter educacional. O prop\u00f3sito do evento \u00e9 promover atividades de fomento \u00e0 cultura empreendedora por meio da orienta\u00e7\u00e3o, capacita\u00e7\u00e3o e apoio a novas ideias e iniciativas inovadoras, mobilizando acad\u00eamicos de gradua\u00e7\u00e3o [&hellip;]<\/p>\n","protected":false},"author":5740,"featured_media":0,"comment_status":"closed","ping_status":"open","sticky":false,"template":"","format":"standard","meta":{"ngg_post_thumbnail":0,"footnotes":""},"categories":[203],"tags":[],"coauthors":[],"class_list":["post-2409","post","type-post","status-publish","format-standard","hentry","category-noticias-empreendedorismo-inovacao"],"_links":{"self":[{"href":"https:\/\/aginova.ufms.br\/en\/wp-json\/wp\/v2\/posts\/2409","targetHints":{"allow":["GET"]}}],"collection":[{"href":"https:\/\/aginova.ufms.br\/en\/wp-json\/wp\/v2\/posts"}],"about":[{"href":"https:\/\/aginova.ufms.br\/en\/wp-json\/wp\/v2\/types\/post"}],"author":[{"embeddable":true,"href":"https:\/\/aginova.ufms.br\/en\/wp-json\/wp\/v2\/users\/5740"}],"replies":[{"embeddable":true,"href":"https:\/\/aginova.ufms.br\/en\/wp-json\/wp\/v2\/comments?post=2409"}],"version-history":[{"count":1,"href":"https:\/\/aginova.ufms.br\/en\/wp-json\/wp\/v2\/posts\/2409\/revisions"}],"predecessor-version":[{"id":2410,"href":"https:\/\/aginova.ufms.br\/en\/wp-json\/wp\/v2\/posts\/2409\/revisions\/2410"}],"wp:attachment":[{"href":"https:\/\/aginova.ufms.br\/en\/wp-json\/wp\/v2\/media?parent=2409"}],"wp:term":[{"taxonomy":"category","embeddable":true,"href":"https:\/\/aginova.ufms.br\/en\/wp-json\/wp\/v2\/categories?post=2409"},{"taxonomy":"post_tag","embeddable":true,"href":"https:\/\/aginova.ufms.br\/en\/wp-json\/wp\/v2\/tags?post=2409"},{"taxonomy":"author","embeddable":true,"href":"https:\/\/aginova.ufms.br\/en\/wp-json\/wp\/v2\/coauthors?post=2409"}],"curies":[{"name":"wp","href":"https:\/\/api.w.org\/{rel}","templated":true}]}}