{"id":2429,"date":"2016-07-16T09:25:33","date_gmt":"2016-07-16T13:25:33","guid":{"rendered":"http:\/\/inovacao.bellatrix.ufms.br\/?p=2429"},"modified":"2022-07-22T13:50:52","modified_gmt":"2022-07-22T17:50:52","slug":"2429-2","status":"publish","type":"post","link":"https:\/\/aginova.ufms.br\/en\/2429-2\/","title":{"rendered":"Conhe\u00e7a os palestrantes que estar\u00e3o na 3\u00aa Feira de Solu\u00e7\u00f5es Inovadoras!"},"content":{"rendered":"<p>A 3\u00aa Feira de Solu\u00e7\u00f5es Inovadoras \u00e9 uma competi\u00e7\u00e3o de projetos de car\u00e1ter educacional. O prop\u00f3sito do evento \u00e9 promover atividades de fomento \u00e0 cultura empreendedora por meio da orienta\u00e7\u00e3o, capacita\u00e7\u00e3o e apoio a novas ideias e iniciativas inovadoras, mobilizando acad\u00eamicos de gradua\u00e7\u00e3o e docentes da institui\u00e7\u00e3o.<\/p>\n<p>Pensando nisso, durante a terceira e quarta Fase do projeto, que acontecem no dia 20 e 21, a feira tamb\u00e9m trar\u00e1 diversas palestras pain\u00e9is buscando fomentar conhecimento sobre o tema, com profissionais refer\u00eancia no assunto.<br \/>\nNo dia 20, temos confirmado uma palestra sobre Empreendedorismo, com o empreendedor Guto Belchior, que \u00e9 formado em Economia pelo Insper, tem sete anos de experi\u00eancia no mercado financeiro como trader e gestor de fundos de a\u00e7\u00f5es no Itau Asset Management e M Square (2006-2013), deixando o mercado financeiro para abrir a LILT Cycles, uma empresa de bicicletas urbanas (2013-2015), at\u00e9 ser convidado para assumir como s\u00f3cio-diretor do GymPass, uma startup brasileira que est\u00e1 democratizando o acesso \u00e0 atividade f\u00edsica.<\/p>\n<p>J\u00e1 no dia 21, come\u00e7amos \u00e0s 09h com a Oficina de Games de Empreendedorismo, onde a fundadora e presidente da Sinergia Studios, G\u00f3ria Maria Garcia Pereira e o desenvolvedor da mesma empresa, Pedro Cabianca, apresentar\u00e3o o Deed, um jogo de neg\u00f3cios e empreendedorismo sustent\u00e1vel.<\/p>\n<p>Abrindo os pain\u00e9is no per\u00edodo da tarde, \u00e0s 14h, o consultor e empres\u00e1rio Francismo Batista de Almeida J\u00fanior \u00e9 o encarregado de ministrar o painel \u201cInova\u00e7\u00e3o como estrat\u00e9gia de alavancar seu neg\u00f3cio\u201d junto com o Carlos Henrique Santana, l\u00edder do N\u00facleo Regional do Mato Grosso do Sul, para falar sobre \u201cComo conseguir recursos com investidores\u201d.<\/p>\n<p>Logo em seguida, \u00e0s 15h, o senhor Jo\u00e3o Alberto Hansen, diretor de Assuntos Regulat\u00f3rios da AVON, fica respons\u00e1vel pelo painel \u201cCases de sucesso\u201d.<\/p>\n<p>Para conferir essas palestras al\u00e9m de conferir a competi\u00e7\u00e3o dos nossos projetos, n\u00e3o se esque\u00e7a de fazer sua inscri\u00e7\u00e3o online, garantindo brindes no momento do credenciamento.<\/p>\n<p>https:\/\/docs.google.com\/forms\/d\/e\/1FAIpQLSeHTUmeDa_Ys_inb4EJAMoTehuQ32lkMm9gHXCkM8UeLrOHVQ\/viewform<\/p>\n","protected":false},"excerpt":{"rendered":"<p>A 3\u00aa Feira de Solu\u00e7\u00f5es Inovadoras \u00e9 uma competi\u00e7\u00e3o de projetos de car\u00e1ter educacional. O prop\u00f3sito do evento \u00e9 promover atividades de fomento \u00e0 cultura empreendedora por meio da orienta\u00e7\u00e3o, capacita\u00e7\u00e3o e apoio a novas ideias e iniciativas inovadoras, mobilizando acad\u00eamicos de gradua\u00e7\u00e3o e docentes da institui\u00e7\u00e3o. Pensando nisso, durante a terceira e quarta Fase [&hellip;]<\/p>\n","protected":false},"author":5740,"featured_media":2433,"comment_status":"closed","ping_status":"open","sticky":false,"template":"","format":"standard","meta":{"ngg_post_thumbnail":0,"footnotes":""},"categories":[4,203],"tags":[],"coauthors":[],"class_list":["post-2429","post","type-post","status-publish","format-standard","has-post-thumbnail","hentry","category-destaques","category-noticias-empreendedorismo-inovacao"],"_links":{"self":[{"href":"https:\/\/aginova.ufms.br\/en\/wp-json\/wp\/v2\/posts\/2429","targetHints":{"allow":["GET"]}}],"collection":[{"href":"https:\/\/aginova.ufms.br\/en\/wp-json\/wp\/v2\/posts"}],"about":[{"href":"https:\/\/aginova.ufms.br\/en\/wp-json\/wp\/v2\/types\/post"}],"author":[{"embeddable":true,"href":"https:\/\/aginova.ufms.br\/en\/wp-json\/wp\/v2\/users\/5740"}],"replies":[{"embeddable":true,"href":"https:\/\/aginova.ufms.br\/en\/wp-json\/wp\/v2\/comments?post=2429"}],"version-history":[{"count":3,"href":"https:\/\/aginova.ufms.br\/en\/wp-json\/wp\/v2\/posts\/2429\/revisions"}],"predecessor-version":[{"id":2434,"href":"https:\/\/aginova.ufms.br\/en\/wp-json\/wp\/v2\/posts\/2429\/revisions\/2434"}],"wp:featuredmedia":[{"embeddable":true,"href":"https:\/\/aginova.ufms.br\/en\/wp-json\/wp\/v2\/media\/2433"}],"wp:attachment":[{"href":"https:\/\/aginova.ufms.br\/en\/wp-json\/wp\/v2\/media?parent=2429"}],"wp:term":[{"taxonomy":"category","embeddable":true,"href":"https:\/\/aginova.ufms.br\/en\/wp-json\/wp\/v2\/categories?post=2429"},{"taxonomy":"post_tag","embeddable":true,"href":"https:\/\/aginova.ufms.br\/en\/wp-json\/wp\/v2\/tags?post=2429"},{"taxonomy":"author","embeddable":true,"href":"https:\/\/aginova.ufms.br\/en\/wp-json\/wp\/v2\/coauthors?post=2429"}],"curies":[{"name":"wp","href":"https:\/\/api.w.org\/{rel}","templated":true}]}}