{"id":2507,"date":"2016-11-17T09:36:33","date_gmt":"2016-11-17T13:36:33","guid":{"rendered":"http:\/\/inovacao.bellatrix.ufms.br\/?p=2507"},"modified":"2022-07-22T13:50:51","modified_gmt":"2022-07-22T17:50:51","slug":"semana-global-do-empreendedorismo-tera-representantes-da-universidade","status":"publish","type":"post","link":"https:\/\/aginova.ufms.br\/en\/semana-global-do-empreendedorismo-tera-representantes-da-universidade\/","title":{"rendered":"Semana Global do Empreendedorismo ter\u00e1 representantes da Universidade"},"content":{"rendered":"<header class=\"entry-header page-header\">\n<p class=\"entry-title \" style=\"text-align: justify\">A Semana Global do Empreendedorismo, um evento mundial que visa a mostrar que as iniciativas de neg\u00f3cios podem transformar a sociedade, ter\u00e1 um Pitch Empreendedor em Campo Grande hoje (17). Ser\u00e3o cinco pitchs (apresenta\u00e7\u00f5es r\u00e1pidas) sobre a\u00e7\u00f5es, processos, conceitos e casos que mostrem o empreendedorismo como ferramenta de transforma\u00e7\u00e3o. O \u201cPitch Empreendedor \u2013 Semana Global do Empreendedorismo\u201d ser\u00e1 no Living Lab MS, na Rua Brasil n\u00ba 205, das 18h \u00e0s 21h, e conta com representantes da UFMS em sua realiza\u00e7\u00e3o.<\/p>\n<\/header>\n<div class=\"entry-content\">\n<p style=\"text-align: justify\">Geraldo Gon\u00e7alves, s\u00f3cio-propriet\u00e1rio de uma das empresas graduadas da Pantanal Incubadora Mista de Empresas (PIME\/UFMS), a Gama GP Instala\u00e7\u00f5es El\u00e9tricas, far\u00e1 o terceiro pitch, das 19h30 \u00e0s 20h, que tem como tema \u201cPequenas empresas em um cen\u00e1rio de crise\u201d. O engenheiro formado pela UFMS falar\u00e1 sobre como manter os resultados e crescimento da empresa em um cen\u00e1rio adverso e os desafios dos gestores em lidar com quest\u00f5es como redu\u00e7\u00e3o de custos, recess\u00e3o da economia e mesmo assim ter que obter melhores resultados.<\/p>\n<p style=\"text-align: justify\">O t\u00e9cnico-administrativo da Institui\u00e7\u00e3o Jardel Mattos \u00e9 um dos representantes da Semana no Mato Grosso do Sul. Mais informa\u00e7\u00f5es e inscri\u00e7\u00f5es podem ser obtidas no link: <a href=\"https:\/\/www.sympla.com.br\/pitch-empreendedor__100555\" target=\"_blank\" rel=\"noopener\">https:\/\/www.sympla.com.br\/pitch-empreendedor__100555<\/a><\/p>\n<p>Fonte: <a href=\"https:\/\/www.ufms.br\/semana-global-do-empreendedorismo-tera-representantes-da-universidade\/\">www.ufms.br<\/a><\/p>\n<p>&nbsp;<\/p>\n<\/div>\n","protected":false},"excerpt":{"rendered":"<p>A Semana Global do Empreendedorismo, um evento mundial que visa a mostrar que as iniciativas de neg\u00f3cios podem transformar a sociedade, ter\u00e1 um Pitch Empreendedor em Campo Grande hoje (17). Ser\u00e3o cinco pitchs (apresenta\u00e7\u00f5es r\u00e1pidas) sobre a\u00e7\u00f5es, processos, conceitos e casos que mostrem o empreendedorismo como ferramenta de transforma\u00e7\u00e3o. O \u201cPitch Empreendedor \u2013 Semana Global [&hellip;]<\/p>\n","protected":false},"author":423,"featured_media":0,"comment_status":"closed","ping_status":"open","sticky":false,"template":"","format":"standard","meta":{"ngg_post_thumbnail":0,"footnotes":""},"categories":[4,203],"tags":[],"coauthors":[],"class_list":["post-2507","post","type-post","status-publish","format-standard","hentry","category-destaques","category-noticias-empreendedorismo-inovacao"],"_links":{"self":[{"href":"https:\/\/aginova.ufms.br\/en\/wp-json\/wp\/v2\/posts\/2507","targetHints":{"allow":["GET"]}}],"collection":[{"href":"https:\/\/aginova.ufms.br\/en\/wp-json\/wp\/v2\/posts"}],"about":[{"href":"https:\/\/aginova.ufms.br\/en\/wp-json\/wp\/v2\/types\/post"}],"author":[{"embeddable":true,"href":"https:\/\/aginova.ufms.br\/en\/wp-json\/wp\/v2\/users\/423"}],"replies":[{"embeddable":true,"href":"https:\/\/aginova.ufms.br\/en\/wp-json\/wp\/v2\/comments?post=2507"}],"version-history":[{"count":2,"href":"https:\/\/aginova.ufms.br\/en\/wp-json\/wp\/v2\/posts\/2507\/revisions"}],"predecessor-version":[{"id":11962,"href":"https:\/\/aginova.ufms.br\/en\/wp-json\/wp\/v2\/posts\/2507\/revisions\/11962"}],"wp:attachment":[{"href":"https:\/\/aginova.ufms.br\/en\/wp-json\/wp\/v2\/media?parent=2507"}],"wp:term":[{"taxonomy":"category","embeddable":true,"href":"https:\/\/aginova.ufms.br\/en\/wp-json\/wp\/v2\/categories?post=2507"},{"taxonomy":"post_tag","embeddable":true,"href":"https:\/\/aginova.ufms.br\/en\/wp-json\/wp\/v2\/tags?post=2507"},{"taxonomy":"author","embeddable":true,"href":"https:\/\/aginova.ufms.br\/en\/wp-json\/wp\/v2\/coauthors?post=2507"}],"curies":[{"name":"wp","href":"https:\/\/api.w.org\/{rel}","templated":true}]}}