{"id":2520,"date":"2016-12-12T09:43:24","date_gmt":"2016-12-12T13:43:24","guid":{"rendered":"http:\/\/inovacao.bellatrix.ufms.br\/?p=2520"},"modified":"2022-07-22T13:50:51","modified_gmt":"2022-07-22T17:50:51","slug":"reitoria-articula-realizacao-de-evento-para-empreendedores","status":"publish","type":"post","link":"https:\/\/aginova.ufms.br\/en\/reitoria-articula-realizacao-de-evento-para-empreendedores\/","title":{"rendered":"Reitoria articula a realiza\u00e7\u00e3o de evento para empreendedores"},"content":{"rendered":"<div id=\"post-content\" class=\"page-header col-md-12\">\n<p style=\"text-align: justify\">Com o intuito de aproximar a Universidade Federal de Mato Grosso do Sul dos jovens empres\u00e1rios, o reitor Marcelo Turine, reuniu-se no dia 07\/12\u00a0com lideran\u00e7as do empreendedorismo no Estado \u00a0para tratar, juntamente com a Coordenadoria de Relacionamento Universidade\/Empresa, da realiza\u00e7\u00e3o do projeto \u201cCaf\u00e9 Empreendedor\u201d.<\/p>\n<p style=\"text-align: justify\">O Caf\u00e9 Empreendedor ser\u00e1 um espa\u00e7o de integra\u00e7\u00e3o e di\u00e1logo entre a Reitoria e os jovens empreendedores. O objetivo da iniciativa \u00e9 colocar a UFMS como uma impulsionadora do empreendedorismo no Estado, ampliando o protagonismo da Universidade nesta \u00e1rea.<\/p>\n<p style=\"text-align: justify\">Por meio de um bate-papo informal as entidades de jovens empreendedores, empres\u00e1rios jovens, alunos e professores poder\u00e3o trocar experi\u00eancias e firmar novas parcerias para o desenvolvimento de projetos.<\/p>\n<p style=\"text-align: justify\"><img fetchpriority=\"high\" decoding=\"async\" class=\"size-medium wp-image-10165 alignleft ml-lightbox-enabled\" src=\"https:\/\/www.ufms.br\/wp-content\/uploads\/2016\/12\/IMG_1668-300x208.jpg\" alt=\"img_1668\" width=\"300\" height=\"208\" \/>Turine defendeu a realiza\u00e7\u00e3o do \u201cCaf\u00e9 Empreendedor\u201d como uma maneira de estimular as compet\u00eancias e a criatividade dos jovens. \u201cAcredito que a atividade de empreender desempenha uma transforma\u00e7\u00e3o na vida das pessoas. N\u00e3o \u00e9 muito diferente do que fazemos na pesquisa, por exemplo. Para empreender \u00e9 preciso antever uma situa\u00e7\u00e3o, formar uma estrat\u00e9gia de a\u00e7\u00e3o e realiz\u00e1-la. Ou seja, estimular o esp\u00edrito empreendedor nos jovens \u00e9 instig\u00e1-los a buscar meios para realizar seus objetivos\u201d.<\/p>\n<p style=\"text-align: justify\">Estiveram presentes na reuni\u00e3o o Subsecret\u00e1rio <img decoding=\"async\" class=\"size-medium wp-image-10166 alignright ml-lightbox-enabled\" src=\"https:\/\/www.ufms.br\/wp-content\/uploads\/2016\/12\/IMG_1673-300x217.jpg\" alt=\"img_1673\" width=\"300\" height=\"217\" \/>de Juventude do Mato Grosso do Sul, Diego Mariano, do Presidente do Conselho de Jovens Empres\u00e1rios da Associa\u00e7\u00e3o Comercial e Industrial de Campo Grande (AICG), Marcos Silva, o presidente da Associa\u00e7\u00e3o de Jovens Empreendedores (AJE), Rodney J\u00fanior, e o Chefe da Coordenadoria de Relacionamento Universidade\/Empresa, Jardel Mattos.<\/p>\n<p style=\"text-align: justify\">Fonte: <a href=\"https:\/\/www.ufms.br\/reitoria-articula-realizacao-de-evento-para-empreendedores\/\">Site UFMS<\/a><\/p>\n<\/div>\n","protected":false},"excerpt":{"rendered":"<p>Com o intuito de aproximar a Universidade Federal de Mato Grosso do Sul dos jovens empres\u00e1rios, o reitor Marcelo Turine, reuniu-se no dia 07\/12\u00a0com lideran\u00e7as do empreendedorismo no Estado \u00a0para tratar, juntamente com a Coordenadoria de Relacionamento Universidade\/Empresa, da realiza\u00e7\u00e3o do projeto \u201cCaf\u00e9 Empreendedor\u201d. O Caf\u00e9 Empreendedor ser\u00e1 um espa\u00e7o de integra\u00e7\u00e3o e di\u00e1logo entre [&hellip;]<\/p>\n","protected":false},"author":423,"featured_media":2521,"comment_status":"closed","ping_status":"open","sticky":false,"template":"","format":"standard","meta":{"ngg_post_thumbnail":0,"footnotes":""},"categories":[4,203],"tags":[],"coauthors":[],"class_list":["post-2520","post","type-post","status-publish","format-standard","has-post-thumbnail","hentry","category-destaques","category-noticias-empreendedorismo-inovacao"],"_links":{"self":[{"href":"https:\/\/aginova.ufms.br\/en\/wp-json\/wp\/v2\/posts\/2520","targetHints":{"allow":["GET"]}}],"collection":[{"href":"https:\/\/aginova.ufms.br\/en\/wp-json\/wp\/v2\/posts"}],"about":[{"href":"https:\/\/aginova.ufms.br\/en\/wp-json\/wp\/v2\/types\/post"}],"author":[{"embeddable":true,"href":"https:\/\/aginova.ufms.br\/en\/wp-json\/wp\/v2\/users\/423"}],"replies":[{"embeddable":true,"href":"https:\/\/aginova.ufms.br\/en\/wp-json\/wp\/v2\/comments?post=2520"}],"version-history":[{"count":1,"href":"https:\/\/aginova.ufms.br\/en\/wp-json\/wp\/v2\/posts\/2520\/revisions"}],"predecessor-version":[{"id":2522,"href":"https:\/\/aginova.ufms.br\/en\/wp-json\/wp\/v2\/posts\/2520\/revisions\/2522"}],"wp:featuredmedia":[{"embeddable":true,"href":"https:\/\/aginova.ufms.br\/en\/wp-json\/wp\/v2\/media\/2521"}],"wp:attachment":[{"href":"https:\/\/aginova.ufms.br\/en\/wp-json\/wp\/v2\/media?parent=2520"}],"wp:term":[{"taxonomy":"category","embeddable":true,"href":"https:\/\/aginova.ufms.br\/en\/wp-json\/wp\/v2\/categories?post=2520"},{"taxonomy":"post_tag","embeddable":true,"href":"https:\/\/aginova.ufms.br\/en\/wp-json\/wp\/v2\/tags?post=2520"},{"taxonomy":"author","embeddable":true,"href":"https:\/\/aginova.ufms.br\/en\/wp-json\/wp\/v2\/coauthors?post=2520"}],"curies":[{"name":"wp","href":"https:\/\/api.w.org\/{rel}","templated":true}]}}