{"id":2524,"date":"2016-12-22T14:03:47","date_gmt":"2016-12-22T18:03:47","guid":{"rendered":"http:\/\/inovacao.bellatrix.ufms.br\/?p=2524"},"modified":"2022-07-22T13:50:51","modified_gmt":"2022-07-22T17:50:51","slug":"ufms-tem-representante-na-direcao-da-anprotec","status":"publish","type":"post","link":"https:\/\/aginova.ufms.br\/en\/ufms-tem-representante-na-direcao-da-anprotec\/","title":{"rendered":"UFMS tem representante na dire\u00e7\u00e3o da ANPROTEC"},"content":{"rendered":"<p style=\"text-align: justify\">\u00a0O Brasil n\u00e3o esconde seu potencial inovador. Gra\u00e7as ao ritmo acelerado na multiplica\u00e7\u00e3o de incubadoras de empresas, aceleradoras, parques cient\u00edficos e tecnol\u00f3gicos e outros ambientes de inova\u00e7\u00e3o. O Pa\u00eds mostra que possui o necess\u00e1rio para garantir a consolida\u00e7\u00e3o do processo de inova\u00e7\u00e3o tecnol\u00f3gica. Mas onde est\u00e1 a Universidade Federal de Mato Grosso do Sul nesse contexto? Desde 2002, a universidade vem apostando em ambientes de inova\u00e7\u00e3o, que desenvolvem pesquisas e projetos empreendedores com base tecnol\u00f3gica, voltados para demandas regionais, nacionais e internacionais.<\/p>\n<div class=\"post-inner-content\">\n<div class=\"entry-content\">\n<p style=\"text-align: justify\">Desse pontap\u00e9 inicial, cujo marco foi a cria\u00e7\u00e3o da Pantanal Incubadora Mista de Empresas (PIME\/UFMS), as primeiras empresas come\u00e7aram a ser incubadas dando forma a um novo movimento de inova\u00e7\u00e3o dentro da UFMS. De l\u00e1 para c\u00e1, o protagonismo da UFMS na \u00e1rea da ci\u00eancia, inova\u00e7\u00e3o e tecnologia s\u00f3 aumentou e hoje a Universidade ocupa uma posi\u00e7\u00e3o de destaque na Associa\u00e7\u00e3o Nacional de Entidades Promotoras de Empreendimentos Inovadores (ANPROTEC).<\/p>\n<p style=\"text-align: justify\">O Chefe da Coordenadoria de Relacionamento Universidade\/Empresa da UFMS, Jardel Mattos, foi eleito para o cargo de Diretor da Anprotec. \u00c9 a primeira vez que Mato Grosso do Sul ter\u00e1 um representante na Diretoria da entidade que j\u00e1 conta com 30 anos de hist\u00f3ria e \u00e9 protagonista do movimento de empreendedorismo inovador no Brasil. A Anprotec congrega cerca de 350 associados, entre incubadoras de empresas, parques tecnol\u00f3gicos, institui\u00e7\u00f5es de ensino e pesquisa, \u00f3rg\u00e3os p\u00fablicos e outras entidades ligadas ao empreendedorismo e \u00e0 inova\u00e7\u00e3o. \u00c9 l\u00edder do movimento no Brasil e atua por meio da promo\u00e7\u00e3o de atividades de capacita\u00e7\u00e3o, articula\u00e7\u00e3o de pol\u00edticas p\u00fablicas, gera\u00e7\u00e3o e dissemina\u00e7\u00e3o de conhecimentos.<\/p>\n<p style=\"text-align: justify\">Para o Ministro de Ci\u00eancia, Tecnologia, Inova\u00e7\u00f5es e Comunica\u00e7\u00f5es (MCTIC), Gilberto Kassab, a Anprotec \u00e9 \u201cuma das principais c\u00e9lulas do empreendedorismo no nosso pa\u00eds, uma entidade horizontal, atuante e que nos permitiu, em qualquer que fosse o governo, tra\u00e7ar parcerias important\u00edssimas, em especial com o Minist\u00e9rio de Ci\u00eancia, Tecnologia, Inova\u00e7\u00f5es e Comunica\u00e7\u00f5es (MCTIC)\u201d e que o \u201cEstado brasileiro reconhece e ressalta a import\u00e2ncia do empreendedorismo inovador, ele \u00e9 respons\u00e1vel pelo desenvolvimento de qualquer na\u00e7\u00e3o\u201d.<\/p>\n<p style=\"text-align: justify\">Jardel comenta que compor a dire\u00e7\u00e3o da Anprotec \u00e9 um passo importante para a UFMS. Segundo ele, estar na entidade significa que os esfor\u00e7os realizados na promo\u00e7\u00e3o da ci\u00eancia, tecnologia, inova\u00e7\u00e3o e empreendedorismo t\u00eam dado frutos. \u201cFazer parte da Anprotec \u00e9, de certa forma, reconhecer que a pol\u00edtica de incentivo \u00e0 inova\u00e7\u00e3o que adotamos e temos trabalhado aqui no Mato Grosso do Sul teve impacto nacional. Ela se tornou proeminente e a UFMS est\u00e1 liderando esse processo junto com outros importantes parceiros do Estado\u201d.<\/p>\n<p style=\"text-align: justify\">O caminho dessa pol\u00edtica de desenvolvimento cient\u00edfico e tecnol\u00f3gico passa pela integra\u00e7\u00e3o entre empresa e universidade, explica Jardel. \u201cAs empresas t\u00eam reconhecido que as inova\u00e7\u00f5es dependem de elementos que nem sempre podem ser encontrados em suas fontes internas. Isso as levou a buscar, al\u00e9m de seus espa\u00e7os, ideias e tecnologias que lhes sejam \u00fateis em seu processo inovativo. A\u00ed entra a UFMS. Dentro de nossa universidade temos compet\u00eancias e conhecimento para impulsionar o setor produtivo. A aposta na coopera\u00e7\u00e3o entre universidade-empresa \u00e9 essencial para a inova\u00e7\u00e3o, cujo resultado final \u00e9 entrega de valor para o desenvolvimento do Brasil\u201d.<\/p>\n<p style=\"text-align: justify\">Segundo Jorge Audy, Presidente da ANPROTEC e professor da PUC\/RS, o que \u201ca crise econ\u00f4mica atual nos oferece \u00e9 uma grande oportunidade: usarmos a inova\u00e7\u00e3o, o empreendedorismo, a gera\u00e7\u00e3o de startups e a cria\u00e7\u00e3o de novas empresas que utilizam a tecnologia como principal fator, como plataformas para o desenvolvimento no s\u00e9culo XXI, assim, nos inserindo na sociedade cada vez mais digital, seja por meio dos diversos mecanismos de gera\u00e7\u00e3o de empreendimentos ou por meio dos ecossistemas de inova\u00e7\u00e3o\u201d.<\/p>\n<p style=\"text-align: justify\">Para o reitor da UFMS, Marcelo Turine, a elei\u00e7\u00e3o de um representante da Universidade para dire\u00e7\u00e3o da Anprotec refor\u00e7a o papel social da UFMS e a coloca no centro da discuss\u00e3o nacional a respeito da inova\u00e7\u00e3o no Pa\u00eds. \u201cTer um assento em uma entidade como a Anprotec garante que a UFMS estar\u00e1 \u00e0 frente das grandes quest\u00f5es nacionais relacionadas \u00e0 ci\u00eancia, tecnologia e inova\u00e7\u00e3o. Estaremos construindo projetos estrat\u00e9gicos em \u00e2mbito Brasil, bem como, propondo a altera\u00e7\u00e3o e criando novos dispositivos legais para oportunizar a melhora cont\u00ednua dos ambientes de inova\u00e7\u00e3o, integrando cada vez mais a Universidade e empresas\u201d.<\/p>\n<p style=\"text-align: justify\">Internamente, para atingir tais objetivos, a UFMS conta com a Coordenadoria de Relacionamento Universidade\/Empresa, vinculada \u00e0 Pr\u00f3-Reitoria de Pesquisa, P\u00f3s-Gradua\u00e7\u00e3o e Inova\u00e7\u00e3o. O setor tem aprimorado a capacidade de interlocu\u00e7\u00e3o da universidade com o setor produtivo, permitindo que diversos pesquisadores transfiram seus conhecimentos para a sociedade de modo a contribuir para o desenvolvimento do Pa\u00eds.<\/p>\n<p style=\"text-align: justify\">Fonte: <a href=\"https:\/\/www.ufms.br\/ufms-tem-representante-na-direcao-da-anprotec\/\">Site UFMS<\/a><\/p>\n<\/div>\n<\/div>\n","protected":false},"excerpt":{"rendered":"<p>\u00a0O Brasil n\u00e3o esconde seu potencial inovador. Gra\u00e7as ao ritmo acelerado na multiplica\u00e7\u00e3o de incubadoras de empresas, aceleradoras, parques cient\u00edficos e tecnol\u00f3gicos e outros ambientes de inova\u00e7\u00e3o. O Pa\u00eds mostra que possui o necess\u00e1rio para garantir a consolida\u00e7\u00e3o do processo de inova\u00e7\u00e3o tecnol\u00f3gica. Mas onde est\u00e1 a Universidade Federal de Mato Grosso do Sul nesse [&hellip;]<\/p>\n","protected":false},"author":423,"featured_media":2527,"comment_status":"closed","ping_status":"open","sticky":false,"template":"","format":"standard","meta":{"ngg_post_thumbnail":0,"footnotes":""},"categories":[4,203],"tags":[],"coauthors":[],"class_list":["post-2524","post","type-post","status-publish","format-standard","has-post-thumbnail","hentry","category-destaques","category-noticias-empreendedorismo-inovacao"],"_links":{"self":[{"href":"https:\/\/aginova.ufms.br\/en\/wp-json\/wp\/v2\/posts\/2524","targetHints":{"allow":["GET"]}}],"collection":[{"href":"https:\/\/aginova.ufms.br\/en\/wp-json\/wp\/v2\/posts"}],"about":[{"href":"https:\/\/aginova.ufms.br\/en\/wp-json\/wp\/v2\/types\/post"}],"author":[{"embeddable":true,"href":"https:\/\/aginova.ufms.br\/en\/wp-json\/wp\/v2\/users\/423"}],"replies":[{"embeddable":true,"href":"https:\/\/aginova.ufms.br\/en\/wp-json\/wp\/v2\/comments?post=2524"}],"version-history":[{"count":4,"href":"https:\/\/aginova.ufms.br\/en\/wp-json\/wp\/v2\/posts\/2524\/revisions"}],"predecessor-version":[{"id":2529,"href":"https:\/\/aginova.ufms.br\/en\/wp-json\/wp\/v2\/posts\/2524\/revisions\/2529"}],"wp:featuredmedia":[{"embeddable":true,"href":"https:\/\/aginova.ufms.br\/en\/wp-json\/wp\/v2\/media\/2527"}],"wp:attachment":[{"href":"https:\/\/aginova.ufms.br\/en\/wp-json\/wp\/v2\/media?parent=2524"}],"wp:term":[{"taxonomy":"category","embeddable":true,"href":"https:\/\/aginova.ufms.br\/en\/wp-json\/wp\/v2\/categories?post=2524"},{"taxonomy":"post_tag","embeddable":true,"href":"https:\/\/aginova.ufms.br\/en\/wp-json\/wp\/v2\/tags?post=2524"},{"taxonomy":"author","embeddable":true,"href":"https:\/\/aginova.ufms.br\/en\/wp-json\/wp\/v2\/coauthors?post=2524"}],"curies":[{"name":"wp","href":"https:\/\/api.w.org\/{rel}","templated":true}]}}