{"id":2848,"date":"2015-09-08T15:08:12","date_gmt":"2015-09-08T19:08:12","guid":{"rendered":"http:\/\/proplan.bellatrix.ufms.br\/?p=350"},"modified":"2017-02-20T17:15:24","modified_gmt":"2017-02-20T20:15:24","slug":"modelo-para-o-orcamento-anual-na-matriz-revitalizacao-de-laboratorios-de-graduacao","status":"publish","type":"post","link":"https:\/\/aginova.ufms.br\/en\/modelo-para-o-orcamento-anual-na-matriz-revitalizacao-de-laboratorios-de-graduacao\/","title":{"rendered":"Modelo para aloca\u00e7\u00e3o de or\u00e7amento anual na Matriz Revitaliza\u00e7\u00e3o de Laborat\u00f3rios de Gradua\u00e7\u00e3o \u2013 aulas pr\u00e1ticas \u00e0s Unidades de Administra\u00e7\u00e3o Setorial"},"content":{"rendered":"[gview file=&#8221;http:\/\/proplan.bellatrix.ufms.br\/files\/2015\/09\/INSTRU\u00c7\u00c3O-NORMATIVA-N\u00ba-3-2015.pdf&#8221; height=&#8221;600px&#8221; width=&#8221;100%&#8221; save=&#8221;1&#8243;]\nDefine o Modelo para aloca\u00e7\u00e3o de or\u00e7amento anual na Matriz Revitaliza\u00e7\u00e3o de Laborat\u00f3rios de Gradua\u00e7\u00e3o \u2013 aulas pr\u00e1ticas \u00e0s Unidades de Administra\u00e7\u00e3o Setorial \u2013 UAS.<\/p>\n","protected":false},"excerpt":{"rendered":"<p>[gview file=&#8221;http:\/\/proplan.bellatrix.ufms.br\/files\/2015\/09\/INSTRU\u00c7\u00c3O-NORMATIVA-N\u00ba-3-2015.pdf&#8221; height=&#8221;600px&#8221; width=&#8221;100%&#8221; save=&#8221;1&#8243;] Define o Modelo para aloca\u00e7\u00e3o de or\u00e7amento anual na Matriz Revitaliza\u00e7\u00e3o de Laborat\u00f3rios de Gradua\u00e7\u00e3o \u2013 aulas pr\u00e1ticas \u00e0s Unidades de Administra\u00e7\u00e3o Setorial \u2013 UAS.<\/p>\n","protected":false},"author":52,"featured_media":0,"comment_status":"closed","ping_status":"closed","sticky":false,"template":"","format":"standard","meta":{"ngg_post_thumbnail":0,"footnotes":""},"categories":[55,96,115,102],"tags":[],"coauthors":[],"class_list":["post-2848","post","type-post","status-publish","format-standard","hentry","category-documentos","category-downloads","category-downloads-dirin","category-noticias"],"_links":{"self":[{"href":"https:\/\/aginova.ufms.br\/en\/wp-json\/wp\/v2\/posts\/2848","targetHints":{"allow":["GET"]}}],"collection":[{"href":"https:\/\/aginova.ufms.br\/en\/wp-json\/wp\/v2\/posts"}],"about":[{"href":"https:\/\/aginova.ufms.br\/en\/wp-json\/wp\/v2\/types\/post"}],"author":[{"embeddable":true,"href":"https:\/\/aginova.ufms.br\/en\/wp-json\/wp\/v2\/users\/52"}],"replies":[{"embeddable":true,"href":"https:\/\/aginova.ufms.br\/en\/wp-json\/wp\/v2\/comments?post=2848"}],"version-history":[{"count":1,"href":"https:\/\/aginova.ufms.br\/en\/wp-json\/wp\/v2\/posts\/2848\/revisions"}],"predecessor-version":[{"id":2908,"href":"https:\/\/aginova.ufms.br\/en\/wp-json\/wp\/v2\/posts\/2848\/revisions\/2908"}],"wp:attachment":[{"href":"https:\/\/aginova.ufms.br\/en\/wp-json\/wp\/v2\/media?parent=2848"}],"wp:term":[{"taxonomy":"category","embeddable":true,"href":"https:\/\/aginova.ufms.br\/en\/wp-json\/wp\/v2\/categories?post=2848"},{"taxonomy":"post_tag","embeddable":true,"href":"https:\/\/aginova.ufms.br\/en\/wp-json\/wp\/v2\/tags?post=2848"},{"taxonomy":"author","embeddable":true,"href":"https:\/\/aginova.ufms.br\/en\/wp-json\/wp\/v2\/coauthors?post=2848"}],"curies":[{"name":"wp","href":"https:\/\/api.w.org\/{rel}","templated":true}]}}