{"id":29,"date":"2011-10-27T12:00:37","date_gmt":"2011-10-27T16:00:37","guid":{"rendered":"http:\/\/inovacao.bellatrix.ufms.br\/?p=29"},"modified":"2022-07-22T13:52:03","modified_gmt":"2022-07-22T17:52:03","slug":"espaco-empreendedor-no-ufms-de-portas-abertas-tem-representante-da-fiemssenai","status":"publish","type":"post","link":"https:\/\/aginova.ufms.br\/en\/espaco-empreendedor-no-ufms-de-portas-abertas-tem-representante-da-fiemssenai\/","title":{"rendered":"Espa\u00e7o Empreendedor no UFMS de Portas Abertas tem representante da Fiems\/Senai"},"content":{"rendered":"<p style=\"text-align: left\">Dentre as diversas atividades do UFMS de Portas Abertas, um momento foi dedicado para mostrar aos visitantes as atividade empreendedoras existentes na institui\u00e7\u00e3o. \u00c9 o Espa\u00e7o Empreendedor, que re\u00fane representantes da Pantanal Incubadora Mista de Empresas (PIME), da Incubadora Tecnol\u00f3gica de Cooperativas Populares (ITCP), e da Empresa J\u00fanior da UFMS, composta por alunos do curso de Administra\u00e7\u00e3o, Economia e ainda, do Curso Superior de Tecnologia em Processos Gerenciais.<\/p>\n<p style=\"text-align: left\">Na sexta-feira, dia 28, o Espa\u00e7o Empreendedor receber\u00e1 um representante da Diretoria de Gest\u00e3o Estrat\u00e9gica da Federa\u00e7\u00e3o das Ind\u00fastrias do MS\/Senai (Servi\u00e7o Nacional de Aprendizagem Industrial) para discutir com alunos empreendedores da UFMS o cen\u00e1rio industrial do Mato Grosso do Sul nos pr\u00f3ximos anos. O di\u00e1logo gerado neste encontro permitir\u00e1 aos participantes obter um melhor entendimento do ambiente de neg\u00f3cios sul-mato-grossense.<\/p>\n<p style=\"text-align: left\">Servi\u00e7o O Espa\u00e7o Empreendedor est\u00e1 localizado na unidade VII da UFMS, na sala 70504. Ele \u00e9 organizado pela Coordenadoria de Relacionamento Universidade\/Empresa (CRE), que est\u00e1 vinculada \u00e0 Pro-Reitoria de Pesquisa e P\u00f3s-Gradua\u00e7\u00e3o (PROPP). Suas atividades incluem o fomento \u00e0 inova\u00e7\u00e3o e ao empreendedorismo na UFMS. O email da coordenadoria \u00e9 cre.propp@ufms.br.<\/p>\n","protected":false},"excerpt":{"rendered":"<p>Dentre as diversas atividades do UFMS de Portas Abertas, um momento foi dedicado para mostrar aos visitantes as atividade empreendedoras existentes na institui\u00e7\u00e3o. \u00c9 o Espa\u00e7o Empreendedor, que re\u00fane representantes da Pantanal Incubadora Mista de Empresas (PIME), da Incubadora Tecnol\u00f3gica de Cooperativas Populares (ITCP), e da Empresa J\u00fanior da UFMS, composta por alunos do curso [&hellip;]<\/p>\n","protected":false},"author":47,"featured_media":0,"comment_status":"closed","ping_status":"open","sticky":false,"template":"","format":"standard","meta":{"ngg_post_thumbnail":0,"footnotes":""},"categories":[203],"tags":[7],"coauthors":[],"class_list":["post-29","post","type-post","status-publish","format-standard","hentry","category-noticias-empreendedorismo-inovacao","tag-evento"],"_links":{"self":[{"href":"https:\/\/aginova.ufms.br\/en\/wp-json\/wp\/v2\/posts\/29","targetHints":{"allow":["GET"]}}],"collection":[{"href":"https:\/\/aginova.ufms.br\/en\/wp-json\/wp\/v2\/posts"}],"about":[{"href":"https:\/\/aginova.ufms.br\/en\/wp-json\/wp\/v2\/types\/post"}],"author":[{"embeddable":true,"href":"https:\/\/aginova.ufms.br\/en\/wp-json\/wp\/v2\/users\/47"}],"replies":[{"embeddable":true,"href":"https:\/\/aginova.ufms.br\/en\/wp-json\/wp\/v2\/comments?post=29"}],"version-history":[{"count":9,"href":"https:\/\/aginova.ufms.br\/en\/wp-json\/wp\/v2\/posts\/29\/revisions"}],"predecessor-version":[{"id":271,"href":"https:\/\/aginova.ufms.br\/en\/wp-json\/wp\/v2\/posts\/29\/revisions\/271"}],"wp:attachment":[{"href":"https:\/\/aginova.ufms.br\/en\/wp-json\/wp\/v2\/media?parent=29"}],"wp:term":[{"taxonomy":"category","embeddable":true,"href":"https:\/\/aginova.ufms.br\/en\/wp-json\/wp\/v2\/categories?post=29"},{"taxonomy":"post_tag","embeddable":true,"href":"https:\/\/aginova.ufms.br\/en\/wp-json\/wp\/v2\/tags?post=29"},{"taxonomy":"author","embeddable":true,"href":"https:\/\/aginova.ufms.br\/en\/wp-json\/wp\/v2\/coauthors?post=29"}],"curies":[{"name":"wp","href":"https:\/\/api.w.org\/{rel}","templated":true}]}}