{"id":443,"date":"2012-02-14T14:01:14","date_gmt":"2012-02-14T18:01:14","guid":{"rendered":"http:\/\/inovacao.bellatrix.ufms.br\/?p=443"},"modified":"2022-07-22T13:51:38","modified_gmt":"2022-07-22T17:51:38","slug":"apitt-realiza-cadastro-de-tecnologias-verdes","status":"publish","type":"post","link":"https:\/\/aginova.ufms.br\/en\/apitt-realiza-cadastro-de-tecnologias-verdes\/","title":{"rendered":"APITT realiza cadastro de tecnologias verdes"},"content":{"rendered":"<p>A Ag\u00eancia de Propriedade Intelectual e Transfer\u00eancia de Tecnologia (APITT\/UFMS) est\u00e1 realizando um cadastro de Tecnologias Verdes desenvolvidas na Universidade. Para este cadastro s\u00e3o consideradas tecnologias verdes, as tecnologias limpas e\/ou sustent\u00e1veis nas mais diversas \u00e1reas do conhecimento: energia, qu\u00edmica, materiais, ambiental, nanotecnologia, biotecnologia, entre outros, especialmente concebidos e produzidos para prevenir, compensar, aliviar ou melhorar o ecossistema e a qualidade de vida das pessoas.<\/p>\n<p>Este cadastro ser\u00e1 submetido a organiza\u00e7\u00e3o do Encontro Nacional do FORTEC (F\u00f3rum Nacional de Gestores de Inova\u00e7\u00e3o e Transfer\u00eancia de Tecnologia) que\u00a0produzir\u00e1 um cat\u00e1logo de Tecnologias Verdes dispon\u00edveis para serem apresentadas e transferidas para o setor empresarial. O lan\u00e7amento deste cat\u00e1logo ser\u00e1 durante o\u00a0VI Encontro Nacional do FORTEC em Bel\u00e9m do Par\u00e1, entre os dias 17 e 19 de abril.<\/p>\n<p>Os professores\/pesquisadores interessados dever\u00e3o enviar um e-mail para\u00a0<a href=\"mailto:apitt.propp@ufms.br\">apitt.propp@ufms.br<\/a>, solicitando o modelo padr\u00e3o para o cadastro at\u00e9 o dia 5 de mar\u00e7o de 2012. D\u00favidas tamb\u00e9m podem ser sanadas\u00a0por telefone,\u00a0no ramal 7793.<\/p>\n<p>Trata-se de uma importante oportunidade para que a UFMS apresente as tecnologias ambientais ou sustent\u00e1veis desenvolvidas atrav\u00e9s de pesquisas em seus laborat\u00f3rios, que ser\u00e1 amplamente divulgada em \u00e2mbito nacional, com a RIO+20, o mundo estar\u00e1 olhando para o Brasil como um importante protagonista na proposi\u00e7\u00e3o de solu\u00e7\u00f5es para as quest\u00f5es da economia verde e da sustentabilidade socioambiental.<\/p>\n<p>Em outubro de 2011 o FORTEC elaborou um cat\u00e1logo contendo Tecnologias Assistivas, este cat\u00e1logo\u00a0<span style=\"color: #222222\">pode ser acessado neste link:\u00a0<\/span><a href=\"http:\/\/www.fortec-br.org\/CATALOGO_FORTEC_2011.pdf\" target=\"_blank\" rel=\"noopener\">http:\/\/www.fortec-br.org\/CATALOGO_FORTEC_2011.pdf<\/a><\/p>\n<p>&nbsp;<\/p>\n<p><a href=\"http:\/\/www-nt.ufms.br\/research\/view\/id\/189\">http:\/\/www-nt.ufms.br\/research\/view\/id\/189<\/a><\/p>\n<p>&nbsp;<\/p>\n","protected":false},"excerpt":{"rendered":"<p>A Ag\u00eancia de Propriedade Intelectual e Transfer\u00eancia de Tecnologia (APITT\/UFMS) est\u00e1 realizando um cadastro de Tecnologias Verdes desenvolvidas na Universidade. Para este cadastro s\u00e3o consideradas tecnologias verdes, as tecnologias limpas e\/ou sustent\u00e1veis nas mais diversas \u00e1reas do conhecimento: energia, qu\u00edmica, materiais, ambiental, nanotecnologia, biotecnologia, entre outros, especialmente concebidos e produzidos para prevenir, compensar, aliviar ou [&hellip;]<\/p>\n","protected":false},"author":47,"featured_media":0,"comment_status":"closed","ping_status":"open","sticky":false,"template":"","format":"standard","meta":{"ngg_post_thumbnail":0,"footnotes":""},"categories":[203],"tags":[],"coauthors":[],"class_list":["post-443","post","type-post","status-publish","format-standard","hentry","category-noticias-empreendedorismo-inovacao"],"_links":{"self":[{"href":"https:\/\/aginova.ufms.br\/en\/wp-json\/wp\/v2\/posts\/443","targetHints":{"allow":["GET"]}}],"collection":[{"href":"https:\/\/aginova.ufms.br\/en\/wp-json\/wp\/v2\/posts"}],"about":[{"href":"https:\/\/aginova.ufms.br\/en\/wp-json\/wp\/v2\/types\/post"}],"author":[{"embeddable":true,"href":"https:\/\/aginova.ufms.br\/en\/wp-json\/wp\/v2\/users\/47"}],"replies":[{"embeddable":true,"href":"https:\/\/aginova.ufms.br\/en\/wp-json\/wp\/v2\/comments?post=443"}],"version-history":[{"count":3,"href":"https:\/\/aginova.ufms.br\/en\/wp-json\/wp\/v2\/posts\/443\/revisions"}],"predecessor-version":[{"id":12012,"href":"https:\/\/aginova.ufms.br\/en\/wp-json\/wp\/v2\/posts\/443\/revisions\/12012"}],"wp:attachment":[{"href":"https:\/\/aginova.ufms.br\/en\/wp-json\/wp\/v2\/media?parent=443"}],"wp:term":[{"taxonomy":"category","embeddable":true,"href":"https:\/\/aginova.ufms.br\/en\/wp-json\/wp\/v2\/categories?post=443"},{"taxonomy":"post_tag","embeddable":true,"href":"https:\/\/aginova.ufms.br\/en\/wp-json\/wp\/v2\/tags?post=443"},{"taxonomy":"author","embeddable":true,"href":"https:\/\/aginova.ufms.br\/en\/wp-json\/wp\/v2\/coauthors?post=443"}],"curies":[{"name":"wp","href":"https:\/\/api.w.org\/{rel}","templated":true}]}}