{"id":449,"date":"2012-03-02T16:40:28","date_gmt":"2012-03-02T20:40:28","guid":{"rendered":"http:\/\/inovacao.bellatrix.ufms.br\/?p=449"},"modified":"2022-07-22T13:51:38","modified_gmt":"2022-07-22T17:51:38","slug":"candidatos-aprovados-gestao-estrategica-da-inovacao-mod-i","status":"publish","type":"post","link":"https:\/\/aginova.ufms.br\/en\/candidatos-aprovados-gestao-estrategica-da-inovacao-mod-i\/","title":{"rendered":"Candidatos aprovados &#8211; Gest\u00e3o Estrat\u00e9gica da Inova\u00e7\u00e3o (Mod. I)"},"content":{"rendered":"<p>Rela\u00e7\u00e3o dos candidatos aprovados para o curso Gest\u00e3o Estrat\u00e9gica da Inova\u00e7\u00e3o &#8211; M\u00f3dulo I.<\/p>\n<p>Os candidatos aprovados dever\u00e3o recolher a taxa de matr\u00edcula no valor de R$ 210,00 (duzentos e dez reais), por meio de boleto gerado pela Guia de Recolhimento da Uni\u00e3o (GRU). \u00a0O prazo para pagamento da taxa de matr\u00edcula ser\u00e1 do dia<strong> 5 ao dia 9 de mar\u00e7o de 2012.<\/strong><br \/>\nO boleto para pagamento ser\u00e1 encaminhado para o endere\u00e7o eletr\u00f4nico (email) do candidato aprovado.<\/p>\n<p><strong>Candidatos aprovados\u00a0<\/strong><\/p>\n<p>1. Jos\u00e9 Francisco dos Reis Neto<br \/>\n2. Mauro Conti Pereira<br \/>\n3. Rosane Marques<br \/>\n4. Jaice da S. O. Vicari<br \/>\n5. Sandra Regina Bertocini<br \/>\n6. Diego Henrique Franco<br \/>\n7. Marcelo Alves Teixeira<br \/>\n8. Joseane Leticia Hoepers<br \/>\n9. Val\u00e9ria Garcia Gabas<br \/>\n10. Luciana Costa Real<br \/>\n11. Edson Fanaia de Medeiros<br \/>\n12. Rafael Zimmermann<br \/>\n13. Laudic\u00e9ia dos Santos Vale<br \/>\n14. Nilton Jo\u00e3o Clemente J\u00fanior<br \/>\n15. Janielly Haovila de Araujo Barros<br \/>\n16. Jos\u00e9 Henrique da Rocha Paim<br \/>\n17. Josivaldo Godoy da Silva<br \/>\n18. Wagner Mariano de Ara\u00fajo<br \/>\n19. Carlos Henrique Santana<br \/>\n20. Maisa Helena Pimenta<br \/>\n21. Diego Silva de Souza<br \/>\n22. Otoniel Pereira Xavier<br \/>\n23. Edgard Freitas J\u00fanior<br \/>\n24. Emmanuel Leander de Souza<br \/>\n25. Daiane Cristina Nardoni<br \/>\n26. Elenira Ribeiro da Silva<br \/>\n27. Isabella Carvalho Fernandes<br \/>\n28. Marcia Cristina Hipolito Lemos de Lima<br \/>\n29. Rosemar Jos\u00e9 Birck<br \/>\n30. Gabriel Ferreira Galvanini<br \/>\n31. Pryscilla da Silva Mendes<br \/>\n32. Carline Yumi Ohi<br \/>\n33. Cl\u00e1udia Roberta Silva dos Santos<br \/>\n34. Luana Nunes<br \/>\n35. Everton Ca\u00e7\u00e3o<br \/>\n36. Raqueline Braga Rosa Martins<br \/>\n37. Regielli de Souza Coelho<br \/>\n38. Xariane Ferreira Jardim<br \/>\n39. Hellen Kristine Gon\u00e7alves<br \/>\n40. Dayane Rosa Silva<\/p>\n<p>&nbsp;<\/p>\n<p><a href=\"http:\/\/inovacao.bellatrix.ufms.br\/files\/2012\/03\/convocacao.gei_.mod_.I.2012.5mar.pdf\">Documento de convoca\u00e7\u00e3o (5\/3\/12) &#8211; Retificado<\/a><\/p>\n<p><a href=\"http:\/\/inovacao.bellatrix.ufms.br\/files\/2012\/03\/convocacao.gei_.mod_.I.2012.pdf\">Documento de convoca\u00e7\u00e3o (2\/3\/12)<\/a><\/p>\n","protected":false},"excerpt":{"rendered":"<p>Rela\u00e7\u00e3o dos candidatos aprovados para o curso Gest\u00e3o Estrat\u00e9gica da Inova\u00e7\u00e3o &#8211; M\u00f3dulo I. Os candidatos aprovados dever\u00e3o recolher a taxa de matr\u00edcula no valor de R$ 210,00 (duzentos e dez reais), por meio de boleto gerado pela Guia de Recolhimento da Uni\u00e3o (GRU). \u00a0O prazo para pagamento da taxa de matr\u00edcula ser\u00e1 do dia [&hellip;]<\/p>\n","protected":false},"author":47,"featured_media":0,"comment_status":"closed","ping_status":"open","sticky":false,"template":"","format":"standard","meta":{"ngg_post_thumbnail":0,"footnotes":""},"categories":[203],"tags":[],"coauthors":[],"class_list":["post-449","post","type-post","status-publish","format-standard","hentry","category-noticias-empreendedorismo-inovacao"],"_links":{"self":[{"href":"https:\/\/aginova.ufms.br\/en\/wp-json\/wp\/v2\/posts\/449","targetHints":{"allow":["GET"]}}],"collection":[{"href":"https:\/\/aginova.ufms.br\/en\/wp-json\/wp\/v2\/posts"}],"about":[{"href":"https:\/\/aginova.ufms.br\/en\/wp-json\/wp\/v2\/types\/post"}],"author":[{"embeddable":true,"href":"https:\/\/aginova.ufms.br\/en\/wp-json\/wp\/v2\/users\/47"}],"replies":[{"embeddable":true,"href":"https:\/\/aginova.ufms.br\/en\/wp-json\/wp\/v2\/comments?post=449"}],"version-history":[{"count":8,"href":"https:\/\/aginova.ufms.br\/en\/wp-json\/wp\/v2\/posts\/449\/revisions"}],"predecessor-version":[{"id":684,"href":"https:\/\/aginova.ufms.br\/en\/wp-json\/wp\/v2\/posts\/449\/revisions\/684"}],"wp:attachment":[{"href":"https:\/\/aginova.ufms.br\/en\/wp-json\/wp\/v2\/media?parent=449"}],"wp:term":[{"taxonomy":"category","embeddable":true,"href":"https:\/\/aginova.ufms.br\/en\/wp-json\/wp\/v2\/categories?post=449"},{"taxonomy":"post_tag","embeddable":true,"href":"https:\/\/aginova.ufms.br\/en\/wp-json\/wp\/v2\/tags?post=449"},{"taxonomy":"author","embeddable":true,"href":"https:\/\/aginova.ufms.br\/en\/wp-json\/wp\/v2\/coauthors?post=449"}],"curies":[{"name":"wp","href":"https:\/\/api.w.org\/{rel}","templated":true}]}}