{"id":456,"date":"2012-03-02T17:01:17","date_gmt":"2012-03-02T21:01:17","guid":{"rendered":"http:\/\/inovacao.bellatrix.ufms.br\/?p=456"},"modified":"2022-07-22T13:51:38","modified_gmt":"2022-07-22T17:51:38","slug":"ufms-aprova-normas-para-as-empresas-juniores","status":"publish","type":"post","link":"https:\/\/aginova.ufms.br\/en\/ufms-aprova-normas-para-as-empresas-juniores\/","title":{"rendered":"UFMS Aprova Normas para as Empresas Juniores"},"content":{"rendered":"<p>Alunos regularmente matriculados nos cursos da Funda\u00e7\u00e3o Universidade Federal de Mato Grosso do Sul contam com mais uma iniciativa de fomento ao empreendedorismo na institui\u00e7\u00e3o. O Programa de Empresa J\u00fanior (UFMS J\u00fanior) foi aprovado na UFMS por meio da Resolu\u00e7\u00e3o n\u00ba 6, de 8 de fevereiro de 2012. Nela, s\u00e3o definidas as normas para a cria\u00e7\u00e3o de empresas juniores, que s\u00e3o associa\u00e7\u00f5es civis\u00a0sem fins econ\u00f4micos, mas com finalidades educacionais, constitu\u00eddas e geridas exclusivamente por alunos de gradua\u00e7\u00e3o dos cursos da UFMS.<\/p>\n<p>As empresas juniores est\u00e3o inseridas no \u00e2mbito do Movimento Junior nacional, formado pelos graduandos com instinto empreendedor das universidades brasileiras. Os empres\u00e1rios juniores contam com o apoio da Confedera\u00e7\u00e3o Brasileira de Empresas Juniores (<a href=\"http:\/\/www.brasiljunior.org.br\/site\/\" target=\"_blank\" rel=\"noopener\">www.brasiljunior.org.br<\/a>), que congrega as empresas juniores do pais.<\/p>\n<p>Maiores Informa\u00e7\u00f5es:\u00a0apitt.propp@ufms.br<\/p>\n<p>&nbsp;<\/p>\n<h3><a href=\"http:\/\/twitter.com\/#!\/UFMSJunior\" target=\"_blank\" rel=\"noopener\">Twitter<\/a>\u00a0|\u00a0<a href=\"https:\/\/www.facebook.com\/pages\/Movimento-J%C3%BAnior-da-UFMS\/307819619239247\" target=\"_blank\" rel=\"noopener\">Facebook<\/a><\/h3>\n<p>&nbsp;<\/p>\n<p><a href=\"http:\/\/inovacao.bellatrix.ufms.br\/files\/2012\/03\/Resolu\u00e7\u00e3o-EJ-2012.pdf\">Resolu\u00e7\u00e3o n\u00ba 6, de 8 de fevereiro de 2012 (COUN\/UFMS)<\/a><\/p>\n","protected":false},"excerpt":{"rendered":"<p>Alunos regularmente matriculados nos cursos da Funda\u00e7\u00e3o Universidade Federal de Mato Grosso do Sul contam com mais uma iniciativa de fomento ao empreendedorismo na institui\u00e7\u00e3o. O Programa de Empresa J\u00fanior (UFMS J\u00fanior) foi aprovado na UFMS por meio da Resolu\u00e7\u00e3o n\u00ba 6, de 8 de fevereiro de 2012. Nela, s\u00e3o definidas as normas para a [&hellip;]<\/p>\n","protected":false},"author":47,"featured_media":467,"comment_status":"closed","ping_status":"open","sticky":false,"template":"","format":"standard","meta":{"ngg_post_thumbnail":0,"footnotes":""},"categories":[203],"tags":[],"coauthors":[],"class_list":["post-456","post","type-post","status-publish","format-standard","has-post-thumbnail","hentry","category-noticias-empreendedorismo-inovacao"],"_links":{"self":[{"href":"https:\/\/aginova.ufms.br\/en\/wp-json\/wp\/v2\/posts\/456","targetHints":{"allow":["GET"]}}],"collection":[{"href":"https:\/\/aginova.ufms.br\/en\/wp-json\/wp\/v2\/posts"}],"about":[{"href":"https:\/\/aginova.ufms.br\/en\/wp-json\/wp\/v2\/types\/post"}],"author":[{"embeddable":true,"href":"https:\/\/aginova.ufms.br\/en\/wp-json\/wp\/v2\/users\/47"}],"replies":[{"embeddable":true,"href":"https:\/\/aginova.ufms.br\/en\/wp-json\/wp\/v2\/comments?post=456"}],"version-history":[{"count":12,"href":"https:\/\/aginova.ufms.br\/en\/wp-json\/wp\/v2\/posts\/456\/revisions"}],"predecessor-version":[{"id":12011,"href":"https:\/\/aginova.ufms.br\/en\/wp-json\/wp\/v2\/posts\/456\/revisions\/12011"}],"wp:featuredmedia":[{"embeddable":true,"href":"https:\/\/aginova.ufms.br\/en\/wp-json\/wp\/v2\/media\/467"}],"wp:attachment":[{"href":"https:\/\/aginova.ufms.br\/en\/wp-json\/wp\/v2\/media?parent=456"}],"wp:term":[{"taxonomy":"category","embeddable":true,"href":"https:\/\/aginova.ufms.br\/en\/wp-json\/wp\/v2\/categories?post=456"},{"taxonomy":"post_tag","embeddable":true,"href":"https:\/\/aginova.ufms.br\/en\/wp-json\/wp\/v2\/tags?post=456"},{"taxonomy":"author","embeddable":true,"href":"https:\/\/aginova.ufms.br\/en\/wp-json\/wp\/v2\/coauthors?post=456"}],"curies":[{"name":"wp","href":"https:\/\/api.w.org\/{rel}","templated":true}]}}