{"id":483,"date":"2012-03-29T14:56:46","date_gmt":"2012-03-29T18:56:46","guid":{"rendered":"http:\/\/inovacao.bellatrix.ufms.br\/?p=483"},"modified":"2022-07-22T13:51:38","modified_gmt":"2022-07-22T17:51:38","slug":"empresarios-participam-de-curso-sobre-inovacao-na-ufms","status":"publish","type":"post","link":"https:\/\/aginova.ufms.br\/en\/empresarios-participam-de-curso-sobre-inovacao-na-ufms\/","title":{"rendered":"Empres\u00e1rios Participam de Curso sobre Inova\u00e7\u00e3o na UFMS"},"content":{"rendered":"<p>Entre os dias 30 e 31 de mar\u00e7o, os participantes do curso de Gest\u00e3o Estrat\u00e9gica da Inova\u00e7\u00e3o discutir\u00e3o como construir parcerias de sucesso entre empresas e universidade. O encontro ser\u00e1 conduzido por Vera Cr\u00f3sta, consultora da ANPEI com experi\u00eancia na \u00e1rea de inova\u00e7\u00e3o. Atuou em mais de uma centena de diferentes tipos de contratos entre Institui\u00e7\u00f5es de Ci\u00eancia e Tecnologia (ICTs) e empresas.<\/p>\n<p>Ser\u00e3o ainda apresentados semin\u00e1rios aplicados sobre \u201cSolu\u00e7\u00f5es Locais de Fomento \u00e0 Inova\u00e7\u00e3o\u201d. Nestes semin\u00e1rios, representantes do Sebrae-MS, da FUNDECT, da APITT\/UFMS e do IEL discorrer\u00e3o sobre os instrumentos e programas de incentivo \u00e0 inova\u00e7\u00e3o dispon\u00edveis a empres\u00e1rios e empreendedores no estado de Mato Grosso do Sul.<\/p>\n<p><img fetchpriority=\"high\" decoding=\"async\" class=\"alignnone size-full wp-image-484 ml-lightbox-enabled\" src=\"http:\/\/inovacao.bellatrix.ufms.br\/files\/2012\/03\/012_r.jpg\" alt=\"\" width=\"800\" height=\"600\" srcset=\"https:\/\/aginova.ufms.br\/files\/2012\/03\/012_r.jpg 800w, https:\/\/aginova.ufms.br\/files\/2012\/03\/012_r-300x225.jpg 300w\" sizes=\"(max-width: 800px) 100vw, 800px\" \/><\/p>\n<p>Programa de Capacita\u00e7\u00e3o Empresarial: O programa conta com quatro m\u00f3dulos relacionados \u00e0 gest\u00e3o estrat\u00e9gica da inova\u00e7\u00e3o e \u00e9 voltado para profissionais portadores de diploma de curso superior inseridos em posi\u00e7\u00f5es de gerenciamento necess\u00e1rias para o processo de inova\u00e7\u00e3o tecnol\u00f3gica nas empresas e organiza\u00e7\u00f5es. Mais informa\u00e7\u00f5es podem ser acessadas no Portal da Inova\u00e7\u00e3o da UFMS (www.inovacao.ufms.br).<\/p>\n<p>&nbsp;<\/p>\n<p>&nbsp;<\/p>\n","protected":false},"excerpt":{"rendered":"<p>Entre os dias 30 e 31 de mar\u00e7o, os participantes do curso de Gest\u00e3o Estrat\u00e9gica da Inova\u00e7\u00e3o discutir\u00e3o como construir parcerias de sucesso entre empresas e universidade. O encontro ser\u00e1 conduzido por Vera Cr\u00f3sta, consultora da ANPEI com experi\u00eancia na \u00e1rea de inova\u00e7\u00e3o. Atuou em mais de uma centena de diferentes tipos de contratos entre [&hellip;]<\/p>\n","protected":false},"author":47,"featured_media":0,"comment_status":"closed","ping_status":"open","sticky":false,"template":"","format":"standard","meta":{"ngg_post_thumbnail":0,"footnotes":""},"categories":[203],"tags":[],"coauthors":[],"class_list":["post-483","post","type-post","status-publish","format-standard","hentry","category-noticias-empreendedorismo-inovacao"],"_links":{"self":[{"href":"https:\/\/aginova.ufms.br\/en\/wp-json\/wp\/v2\/posts\/483","targetHints":{"allow":["GET"]}}],"collection":[{"href":"https:\/\/aginova.ufms.br\/en\/wp-json\/wp\/v2\/posts"}],"about":[{"href":"https:\/\/aginova.ufms.br\/en\/wp-json\/wp\/v2\/types\/post"}],"author":[{"embeddable":true,"href":"https:\/\/aginova.ufms.br\/en\/wp-json\/wp\/v2\/users\/47"}],"replies":[{"embeddable":true,"href":"https:\/\/aginova.ufms.br\/en\/wp-json\/wp\/v2\/comments?post=483"}],"version-history":[{"count":5,"href":"https:\/\/aginova.ufms.br\/en\/wp-json\/wp\/v2\/posts\/483\/revisions"}],"predecessor-version":[{"id":488,"href":"https:\/\/aginova.ufms.br\/en\/wp-json\/wp\/v2\/posts\/483\/revisions\/488"}],"wp:attachment":[{"href":"https:\/\/aginova.ufms.br\/en\/wp-json\/wp\/v2\/media?parent=483"}],"wp:term":[{"taxonomy":"category","embeddable":true,"href":"https:\/\/aginova.ufms.br\/en\/wp-json\/wp\/v2\/categories?post=483"},{"taxonomy":"post_tag","embeddable":true,"href":"https:\/\/aginova.ufms.br\/en\/wp-json\/wp\/v2\/tags?post=483"},{"taxonomy":"author","embeddable":true,"href":"https:\/\/aginova.ufms.br\/en\/wp-json\/wp\/v2\/coauthors?post=483"}],"curies":[{"name":"wp","href":"https:\/\/api.w.org\/{rel}","templated":true}]}}