{"id":489,"date":"2012-04-10T13:22:02","date_gmt":"2012-04-10T17:22:02","guid":{"rendered":"http:\/\/inovacao.bellatrix.ufms.br\/?p=489"},"modified":"2022-07-22T13:51:38","modified_gmt":"2022-07-22T17:51:38","slug":"ufms-empreendedora","status":"publish","type":"post","link":"https:\/\/aginova.ufms.br\/en\/ufms-empreendedora\/","title":{"rendered":"UFMS Empreendedora"},"content":{"rendered":"<p>Este projeto de extens\u00e3o pretende levar os alunos e os professores da UFMS ao contato com o mundo empresarial tanto relacionado ao aspecto t\u00e9cnico como o humano, atrav\u00e9s da aplica\u00e7\u00e3o de a\u00e7\u00f5es empreendedoras que abordar\u00e3o conhecimentos te\u00f3ricos e pr\u00e1ticos relacionados ao tema.<\/p>\n<p>O projeto consiste de tr\u00eas m\u00f3dulos bimestrais te\u00f3ricos de 40 horas (5 horas semanais) e um m\u00f3dulo pr\u00e1tico bimestral de 40 horas (5 horas semanais).<\/p>\n<p>Tr\u00eas horas semanais ser\u00e3o realizadas a dist\u00e2ncia na plataforma web que est\u00e1 sendo criada para o projeto.<\/p>\n<p>As atividades pr\u00e1ticas envolver\u00e3o a cria\u00e7\u00e3o de empresas virtuais e participa\u00e7\u00e3o em jogos e outras atividades pr\u00e1ticas relacionadas \u00e0 elabora\u00e7\u00e3o de planos de neg\u00f3cio e administra\u00e7\u00e3o de empresas.<\/p>\n<p>Palestras de empreendedores, wokshops e estudos de casos tamb\u00e9m fazem parte da estrat\u00e9gia para o estudo de empreendedorismo.<\/p>\n<p>Ser\u00e3o dadas declara\u00e7\u00f5es de participa\u00e7\u00e3o ao final de cada m\u00f3dulo e certificado de participa\u00e7\u00e3o ao final do quarto m\u00f3dulo para os inscritos que realizarem 75% da carga hor\u00e1ria do projeto e tiverem m\u00e9dia de aproveitamento de 70% do conte\u00fado apresentado, avaliado atrav\u00e9s de testes e trabalhos.<\/p>\n<p>Para se atingir os objetivos propostos solicitamos aos interessados que se comprometam a participar dos quatro m\u00f3dulo previstos para o projeto.<\/p>\n<p>&nbsp;<\/p>\n<p><strong>VAGAS<\/strong><\/p>\n<p>60 vagas destinadas a acad\u00eamicos do CCET<\/p>\n<p>20 vagas destinadas a acad\u00eamicos do CCBS<\/p>\n<p>20 vagas destinadas a acad\u00eamicos do CCHS<\/p>\n<p>20 vagas destinadas a professores da UFMS<\/p>\n<p>&nbsp;<\/p>\n<p><strong>INSCRI\u00c7\u00d5ES<\/strong><\/p>\n<p>Per\u00edodo: \u00a01\u00ba de abril a 10 de maio de 2012<\/p>\n<p>Local:\u00a0Secretaria do Curso de Qu\u00edmica (3345-3546)<\/p>\n<p>&nbsp;<\/p>\n<p><strong>SELE\u00c7\u00c3O<\/strong><\/p>\n<p>Sele\u00e7\u00e3o no m\u00eas de maio de 2012<\/p>\n<p>Divulga\u00e7\u00e3o: 15\/06\/2012<\/p>\n<p>&nbsp;<\/p>\n<p>Professores: por ordem de inscri\u00e7\u00e3o.<\/p>\n<p>Alunos: an\u00e1lise de curr\u00edculo de acordo com os seguintes crit\u00e9rios (eliminat\u00f3rio):<\/p>\n<p>a) menor quantidade de reprova\u00e7\u00f5es;<br \/>\nb) melhor nota geral;<br \/>\nc) ter realizado est\u00e1gio fora da ufms;<br \/>\nd) ter participado de atividades de pesquisa ou extens\u00e3o;<br \/>\nEntrevista (classificat\u00f3rio): Aqui buscaremos identificar acad\u00eamicos que tenham potencial (id\u00e9ia, produto ou servi\u00e7o) para cria\u00e7\u00e3o de uma empresa ou efetivo interesse em desenvolver atividade empresarial ap\u00f3s a sua gradua\u00e7\u00e3o.<\/p>\n<p>&nbsp;<\/p>\n<p><strong>PROGRAMA<\/strong><\/p>\n<p><strong>Primeiro m\u00f3dulo<\/strong> (8 semanas)<\/p>\n<p>\u2022 Introdu\u00e7\u00e3o ao empreendedorismo;<br \/>\n\u2022 Perfil do empreendedor;<br \/>\n\u2022 Oportunidade de neg\u00f3cio;<br \/>\n\u2022 A escolha do neg\u00f3cio.<\/p>\n<p><strong>Segundo m\u00f3dulo<\/strong> ( 8 semanas )<\/p>\n<p>\u2022 Conceito de neg\u00f3cio e atributo de valor;<br \/>\n\u2022 Gest\u00e3o de riscos;<br \/>\n\u2022 Avalia\u00e7\u00e3o de potencial de neg\u00f3cios;<br \/>\n\u2022 Din\u00e2mica dos neg\u00f3cios;<br \/>\n\u2022 Estrat\u00e9gia competitiva.<\/p>\n<p><strong>Terceiro m\u00f3dulo<\/strong> ( 8 semanas )<\/p>\n<p>\u2022 An\u00e1lise financeira do neg\u00f3cio;<br \/>\n\u2022 O plano de neg\u00f3cio;<br \/>\n\u2022 Organizar e administrar o neg\u00f3cio;<br \/>\n\u2022 Estrat\u00e9gias de vendas.<\/p>\n<p><strong>Quarto m\u00f3dulo<\/strong> ( 8 semanas)<\/p>\n<p>\u2022 Pr\u00e1tica empresarial e inova\u00e7\u00e3o<\/p>\n<p>&nbsp;<\/p>\n<p><strong>INFORMA\u00c7\u00d5ES<\/strong><\/p>\n<p><em>Prof. Dr. Sergio carvalho de Ara\u00fajo<br \/>\nsergio.carvalho@ufms.br\u00a0<\/em><\/p>\n<p><em><\/em>Secretaria do Curso de Qu\u00edmica<br \/>\n3345-3545 \/ 3546 (Qu\u00edmica)<\/p>\n<p>&nbsp;<\/p>\n<p style=\"text-align: center\"><img fetchpriority=\"high\" decoding=\"async\" class=\"alignnone size-full wp-image-490 ml-lightbox-enabled\" src=\"http:\/\/inovacao.bellatrix.ufms.br\/files\/2012\/04\/empreendedorismo_ufms.jpg\" alt=\"\" width=\"489\" height=\"255\" \/><\/p>\n<p>&nbsp;<\/p>\n<p>P\u00fablico alvo: Discentes e Docentes da UFMS<br \/>\nCarga hor\u00e1ria: 120 te\u00f3ricas e 40 pr\u00e1ticas<br \/>\nIn\u00edcio: Agosto de 2012<br \/>\nHor\u00e1rio: 18h \u00e0s 20h (Segunda-feira)<br \/>\nLocal: Sala 2 da Unidade XI<br \/>\nVagas: Limitadas<\/p>\n","protected":false},"excerpt":{"rendered":"<p>Este projeto de extens\u00e3o pretende levar os alunos e os professores da UFMS ao contato com o mundo empresarial tanto relacionado ao aspecto t\u00e9cnico como o humano, atrav\u00e9s da aplica\u00e7\u00e3o de a\u00e7\u00f5es empreendedoras que abordar\u00e3o conhecimentos te\u00f3ricos e pr\u00e1ticos relacionados ao tema. O projeto consiste de tr\u00eas m\u00f3dulos bimestrais te\u00f3ricos de 40 horas (5 horas [&hellip;]<\/p>\n","protected":false},"author":47,"featured_media":0,"comment_status":"closed","ping_status":"open","sticky":false,"template":"","format":"standard","meta":{"ngg_post_thumbnail":0,"footnotes":""},"categories":[203],"tags":[],"coauthors":[],"class_list":["post-489","post","type-post","status-publish","format-standard","hentry","category-noticias-empreendedorismo-inovacao"],"_links":{"self":[{"href":"https:\/\/aginova.ufms.br\/en\/wp-json\/wp\/v2\/posts\/489","targetHints":{"allow":["GET"]}}],"collection":[{"href":"https:\/\/aginova.ufms.br\/en\/wp-json\/wp\/v2\/posts"}],"about":[{"href":"https:\/\/aginova.ufms.br\/en\/wp-json\/wp\/v2\/types\/post"}],"author":[{"embeddable":true,"href":"https:\/\/aginova.ufms.br\/en\/wp-json\/wp\/v2\/users\/47"}],"replies":[{"embeddable":true,"href":"https:\/\/aginova.ufms.br\/en\/wp-json\/wp\/v2\/comments?post=489"}],"version-history":[{"count":9,"href":"https:\/\/aginova.ufms.br\/en\/wp-json\/wp\/v2\/posts\/489\/revisions"}],"predecessor-version":[{"id":547,"href":"https:\/\/aginova.ufms.br\/en\/wp-json\/wp\/v2\/posts\/489\/revisions\/547"}],"wp:attachment":[{"href":"https:\/\/aginova.ufms.br\/en\/wp-json\/wp\/v2\/media?parent=489"}],"wp:term":[{"taxonomy":"category","embeddable":true,"href":"https:\/\/aginova.ufms.br\/en\/wp-json\/wp\/v2\/categories?post=489"},{"taxonomy":"post_tag","embeddable":true,"href":"https:\/\/aginova.ufms.br\/en\/wp-json\/wp\/v2\/tags?post=489"},{"taxonomy":"author","embeddable":true,"href":"https:\/\/aginova.ufms.br\/en\/wp-json\/wp\/v2\/coauthors?post=489"}],"curies":[{"name":"wp","href":"https:\/\/api.w.org\/{rel}","templated":true}]}}