{"id":552,"date":"2012-05-29T12:58:38","date_gmt":"2012-05-29T16:58:38","guid":{"rendered":"http:\/\/inovacao.bellatrix.ufms.br\/?p=552"},"modified":"2022-07-22T13:51:37","modified_gmt":"2022-07-22T17:51:37","slug":"ufms-divulga-iniciativas-tecnologicas-na-expo-ms-industrial","status":"publish","type":"post","link":"https:\/\/aginova.ufms.br\/en\/ufms-divulga-iniciativas-tecnologicas-na-expo-ms-industrial\/","title":{"rendered":"UFMS divulga iniciativas tecnol\u00f3gicas na Expo-MS Industrial"},"content":{"rendered":"<p>Durante a semana passada (22 a 25 de maio), a UFMS participou da maior feira industrial de Mato Grosso do Sul, apresentando aos participantes do encontro as iniciativas desenvolvidas por professores e alunos na \u00e1rea tecnol\u00f3gica.<br \/>\nAlinhada \u00e0s diretrizes nacionais de fomento \u00e0 inova\u00e7\u00e3o como forma de impulsionar o desenvolvimento sustent\u00e1vel, a troca de informa\u00e7\u00f5es propiciada na Expo-MS teve como objetivo demonstrar a infra-estrutura e linhas de pesquisa existentes na UFMS e seu potencial de gera\u00e7\u00e3o de novos produtos e processos alinhados \u00e0s necessidades regionais.<br \/>\nAs informa\u00e7\u00f5es disponibilizadas aos participantes do encontro e representantes da ind\u00fastria est\u00e3o no Mapa da Inova\u00e7\u00e3o, uma nova funcionalidade do Portal Inova\u00e7\u00e3o da UFMS (inovacao.ufms.br). O mapa foi gerado a partir de um projeto financiado pela FINEP e conduzido pela Rede de N\u00facleos de Inova\u00e7\u00e3o Tecnol\u00f3gica do Centro-Oeste (Rede NIT-CO).<br \/>\nEmpresas Incubadas &#8211; A Pantanal Incubadora Mista de Empresas &#8211; PIME teve papel de destaque na feira, expondo os produtos de duas empresas de base tecnol\u00f3gica incubadas na UFMS. A PIME tamb\u00e9m participou da solenidade de lan\u00e7amento do Pr\u00eamio FINEP no Mato Grosso do Sul. Esta premia\u00e7\u00e3o busca reconhecer os maiores destaques entre as empresas inovadoras do pa\u00eds.<\/p>\n<p><img fetchpriority=\"high\" decoding=\"async\" class=\"alignnone  wp-image-553 ml-lightbox-enabled\" src=\"http:\/\/inovacao.bellatrix.ufms.br\/files\/2012\/05\/IMG_0390.jpg\" alt=\"\" width=\"640\" height=\"480\" srcset=\"https:\/\/aginova.ufms.br\/files\/2012\/05\/IMG_0390.jpg 800w, https:\/\/aginova.ufms.br\/files\/2012\/05\/IMG_0390-300x225.jpg 300w\" sizes=\"(max-width: 640px) 100vw, 640px\" \/><\/p>\n<p><img decoding=\"async\" class=\"alignnone  wp-image-554 ml-lightbox-enabled\" src=\"http:\/\/inovacao.bellatrix.ufms.br\/files\/2012\/05\/IMG_0400.jpg\" alt=\"\" width=\"640\" height=\"480\" srcset=\"https:\/\/aginova.ufms.br\/files\/2012\/05\/IMG_0400.jpg 800w, https:\/\/aginova.ufms.br\/files\/2012\/05\/IMG_0400-300x225.jpg 300w\" sizes=\"(max-width: 640px) 100vw, 640px\" \/><\/p>\n","protected":false},"excerpt":{"rendered":"<p>Durante a semana passada (22 a 25 de maio), a UFMS participou da maior feira industrial de Mato Grosso do Sul, apresentando aos participantes do encontro as iniciativas desenvolvidas por professores e alunos na \u00e1rea tecnol\u00f3gica. Alinhada \u00e0s diretrizes nacionais de fomento \u00e0 inova\u00e7\u00e3o como forma de impulsionar o desenvolvimento sustent\u00e1vel, a troca de informa\u00e7\u00f5es [&hellip;]<\/p>\n","protected":false},"author":47,"featured_media":554,"comment_status":"closed","ping_status":"open","sticky":false,"template":"","format":"standard","meta":{"ngg_post_thumbnail":0,"footnotes":""},"categories":[203],"tags":[],"coauthors":[],"class_list":["post-552","post","type-post","status-publish","format-standard","has-post-thumbnail","hentry","category-noticias-empreendedorismo-inovacao"],"_links":{"self":[{"href":"https:\/\/aginova.ufms.br\/en\/wp-json\/wp\/v2\/posts\/552","targetHints":{"allow":["GET"]}}],"collection":[{"href":"https:\/\/aginova.ufms.br\/en\/wp-json\/wp\/v2\/posts"}],"about":[{"href":"https:\/\/aginova.ufms.br\/en\/wp-json\/wp\/v2\/types\/post"}],"author":[{"embeddable":true,"href":"https:\/\/aginova.ufms.br\/en\/wp-json\/wp\/v2\/users\/47"}],"replies":[{"embeddable":true,"href":"https:\/\/aginova.ufms.br\/en\/wp-json\/wp\/v2\/comments?post=552"}],"version-history":[{"count":3,"href":"https:\/\/aginova.ufms.br\/en\/wp-json\/wp\/v2\/posts\/552\/revisions"}],"predecessor-version":[{"id":556,"href":"https:\/\/aginova.ufms.br\/en\/wp-json\/wp\/v2\/posts\/552\/revisions\/556"}],"wp:featuredmedia":[{"embeddable":true,"href":"https:\/\/aginova.ufms.br\/en\/wp-json\/wp\/v2\/media\/554"}],"wp:attachment":[{"href":"https:\/\/aginova.ufms.br\/en\/wp-json\/wp\/v2\/media?parent=552"}],"wp:term":[{"taxonomy":"category","embeddable":true,"href":"https:\/\/aginova.ufms.br\/en\/wp-json\/wp\/v2\/categories?post=552"},{"taxonomy":"post_tag","embeddable":true,"href":"https:\/\/aginova.ufms.br\/en\/wp-json\/wp\/v2\/tags?post=552"},{"taxonomy":"author","embeddable":true,"href":"https:\/\/aginova.ufms.br\/en\/wp-json\/wp\/v2\/coauthors?post=552"}],"curies":[{"name":"wp","href":"https:\/\/api.w.org\/{rel}","templated":true}]}}