{"id":562,"date":"2012-05-29T16:45:41","date_gmt":"2012-05-29T20:45:41","guid":{"rendered":"http:\/\/inovacao.bellatrix.ufms.br\/?p=562"},"modified":"2022-07-22T13:51:37","modified_gmt":"2022-07-22T17:51:37","slug":"candidatos-aprovados-gestao-estrategica-da-inovacao-mod-ii","status":"publish","type":"post","link":"https:\/\/aginova.ufms.br\/en\/candidatos-aprovados-gestao-estrategica-da-inovacao-mod-ii\/","title":{"rendered":"Candidatos aprovados \u2013 Gest\u00e3o Estrat\u00e9gica da Inova\u00e7\u00e3o (Mod. II)"},"content":{"rendered":"<p><strong>Rela\u00e7\u00e3o dos candidatos aprovados para o curso Gest\u00e3o Estrat\u00e9gica da Inova\u00e7\u00e3o \u2013\u00a0M\u00f3dulo II.<\/strong><\/p>\n<p>Os candidatos aprovados dever\u00e3o recolher a taxa de matr\u00edcula no valor de R$ 240,00 (duzentos e quarenta reais), por meio de boleto gerado pela Guia de Recolhimento da Uni\u00e3o (GRU). O prazo para pagamento da taxa de matr\u00edcula ser\u00e1 do dia <strong>29 de maio ao dia 1 de junho de 2012.<\/strong><\/p>\n<p>O boleto para pagamento ser\u00e1 encaminhado para o endere\u00e7o eletr\u00f4nico (email) do candidato aprovado.<br \/>\nCandidatos aprovados<\/p>\n<p>1. Aurino Barbosa C. Rangel<br \/>\n2. Cl\u00e1udia R. S. dos Santos<br \/>\n3. Cristiane Gomes Nunes<br \/>\n4. Edgard Freitas J\u00fanior<br \/>\n5. Edson F. de Medeiros<br \/>\n6. Everton Ca\u00e7\u00e3o<br \/>\n7. Guilherme J. de Farias<br \/>\n8. Isabella C. Fernandes<br \/>\n9. Jaice da S. O. Vicari<br \/>\n10. Jos\u00e9 Henrique da R. Paim<br \/>\n11. Josivaldo Godoy da Silva<br \/>\n12. Leticia Da P. Machado<br \/>\n13. Luana Nunes<br \/>\n14. Luciana Costa Real<br \/>\n15. Luciene dos S. E. Mattos<br \/>\n16. Marcelo Alves Teixeira<br \/>\n17. Mauro Conti Pereira<br \/>\n18. Otoniel Pereira Xavier<br \/>\n19. Pedro Paulo C. Loango<br \/>\n20. Pryscilla da Silva Mendes<br \/>\n21. Rafael Zimmermann<br \/>\n22. Regina Maria de O. S. da Silva<br \/>\n23. Regielli de Souza Coelho<br \/>\n24. Rosani do C. de Oliveira Arruda<br \/>\n25. Val\u00e9ria Garcia Gabas<\/p>\n<p>&nbsp;<\/p>\n<p><a href=\"http:\/\/inovacao.bellatrix.ufms.br\/files\/2012\/05\/convocacao_gei_mod2.pdf\">Documento de convoca\u00e7\u00e3o (29\/5\/12)<\/a><\/p>\n<p>&nbsp;<\/p>\n","protected":false},"excerpt":{"rendered":"<p>Rela\u00e7\u00e3o dos candidatos aprovados para o curso Gest\u00e3o Estrat\u00e9gica da Inova\u00e7\u00e3o \u2013\u00a0M\u00f3dulo II. Os candidatos aprovados dever\u00e3o recolher a taxa de matr\u00edcula no valor de R$ 240,00 (duzentos e quarenta reais), por meio de boleto gerado pela Guia de Recolhimento da Uni\u00e3o (GRU). O prazo para pagamento da taxa de matr\u00edcula ser\u00e1 do dia 29 [&hellip;]<\/p>\n","protected":false},"author":47,"featured_media":0,"comment_status":"closed","ping_status":"open","sticky":false,"template":"","format":"standard","meta":{"ngg_post_thumbnail":0,"footnotes":""},"categories":[203],"tags":[],"coauthors":[],"class_list":["post-562","post","type-post","status-publish","format-standard","hentry","category-noticias-empreendedorismo-inovacao"],"_links":{"self":[{"href":"https:\/\/aginova.ufms.br\/en\/wp-json\/wp\/v2\/posts\/562","targetHints":{"allow":["GET"]}}],"collection":[{"href":"https:\/\/aginova.ufms.br\/en\/wp-json\/wp\/v2\/posts"}],"about":[{"href":"https:\/\/aginova.ufms.br\/en\/wp-json\/wp\/v2\/types\/post"}],"author":[{"embeddable":true,"href":"https:\/\/aginova.ufms.br\/en\/wp-json\/wp\/v2\/users\/47"}],"replies":[{"embeddable":true,"href":"https:\/\/aginova.ufms.br\/en\/wp-json\/wp\/v2\/comments?post=562"}],"version-history":[{"count":3,"href":"https:\/\/aginova.ufms.br\/en\/wp-json\/wp\/v2\/posts\/562\/revisions"}],"predecessor-version":[{"id":1860,"href":"https:\/\/aginova.ufms.br\/en\/wp-json\/wp\/v2\/posts\/562\/revisions\/1860"}],"wp:attachment":[{"href":"https:\/\/aginova.ufms.br\/en\/wp-json\/wp\/v2\/media?parent=562"}],"wp:term":[{"taxonomy":"category","embeddable":true,"href":"https:\/\/aginova.ufms.br\/en\/wp-json\/wp\/v2\/categories?post=562"},{"taxonomy":"post_tag","embeddable":true,"href":"https:\/\/aginova.ufms.br\/en\/wp-json\/wp\/v2\/tags?post=562"},{"taxonomy":"author","embeddable":true,"href":"https:\/\/aginova.ufms.br\/en\/wp-json\/wp\/v2\/coauthors?post=562"}],"curies":[{"name":"wp","href":"https:\/\/api.w.org\/{rel}","templated":true}]}}