{"id":571,"date":"2012-05-31T09:55:52","date_gmt":"2012-05-31T13:55:52","guid":{"rendered":"http:\/\/inovacao.bellatrix.ufms.br\/?p=571"},"modified":"2022-07-22T13:51:37","modified_gmt":"2022-07-22T17:51:37","slug":"capacitacao-elaboracao-de-plano-de-negocios","status":"publish","type":"post","link":"https:\/\/aginova.ufms.br\/en\/capacitacao-elaboracao-de-plano-de-negocios\/","title":{"rendered":"Capacita\u00e7\u00e3o &#8220;Elabora\u00e7\u00e3o de Plano de Neg\u00f3cios&#8221;"},"content":{"rendered":"<p style=\"text-align: left\"><img fetchpriority=\"high\" decoding=\"async\" class=\"alignleft size-medium wp-image-575 ml-lightbox-enabled\" src=\"http:\/\/inovacao.bellatrix.ufms.br\/files\/2012\/05\/Imagens_107-SEBRAEMG-Como-Elaborar-um-Plano-de-Neg\u00f3cio2-215x300.jpg\" alt=\"\" width=\"215\" height=\"300\" srcset=\"https:\/\/aginova.ufms.br\/files\/2012\/05\/Imagens_107-SEBRAEMG-Como-Elaborar-um-Plano-de-Neg\u00f3cio2-215x300.jpg 215w, https:\/\/aginova.ufms.br\/files\/2012\/05\/Imagens_107-SEBRAEMG-Como-Elaborar-um-Plano-de-Neg\u00f3cio2.jpg 536w\" sizes=\"(max-width: 215px) 100vw, 215px\" \/>O curso oferecido pelo Sebrae juntamente com a Coordenadoria de Relacionamento Universidade\/Empresa teve a data de inicio adiada. O curso ser\u00e1 ministrado todas as sextas-feiras a partir do dia 15\/06 com t\u00e9rmino no dia 13\/07, com isso as inscri\u00e7\u00f5es tamb\u00e9m foram prorrogadas e terminam no pr\u00f3ximo dia 12\/06 (ter\u00e7a-feira).<\/p>\n<p>O novo calend\u00e1rio fica assim:<\/p>\n<p>15 de Junho\u00a0(sexta-feira)<\/p>\n<p>22 de Junho\u00a0(sexta-feira)<\/p>\n<p>29 de Junho\u00a0(sexta-feira)<\/p>\n<p>06 de Julho (sexta-feira)<\/p>\n<p>13 de Julho\u00a0(sexta-feira)<\/p>\n<p style=\"text-align: left\">O curso faz parte do portf\u00f3lio do Sebrae e \u00e9 direcionado somente aos interessados em compor a diretoria de uma empresa j\u00fanior existente ou que venha a ser criada na UFMS, as inscri\u00e7\u00f5es s\u00e3o gratuitas e as vagas s\u00e3o limitadas.<\/p>\n<p style=\"text-align: left\">Os interessados devem enviar um e-mail para <a href=\"mailto:inova\u00e7\u00e3o.propp@ufms.br\">inova\u00e7\u00e3o.propp@ufms.br<\/a> contendo:<\/p>\n<p style=\"text-align: left\">\u00b7 Nome completo:<\/p>\n<p style=\"text-align: left\">\u00b7 Curso:<\/p>\n<p style=\"text-align: left\">\u00b7 Semestre:<\/p>\n<p style=\"text-align: left\">\u00b7 Telefone para contato:<\/p>\n<p style=\"text-align: left\">\u00b7 \u00a0Escreva, em no m\u00e1ximo dez linhas, o motivo pelo qual pretende realizar o curso:<\/p>\n<p style=\"text-align: left\">Siga o Movimento J\u00fanior na UFMS:<\/p>\n<p style=\"text-align: left\"><a title=\"Facebook\" href=\"http:\/\/www.facebook.com\/pages\/Movimento-J%C3%BAnior-da-UFMS\/307819619239247\">Facebook<\/a><\/p>\n<p style=\"text-align: left\"><a title=\"Twitter\" href=\"http:\/\/twitter.com\/UFMSJunior\">Twitter<\/a><\/p>\n","protected":false},"excerpt":{"rendered":"<p>O curso oferecido pelo Sebrae juntamente com a Coordenadoria de Relacionamento Universidade\/Empresa teve a data de inicio adiada. O curso ser\u00e1 ministrado todas as sextas-feiras a partir do dia 15\/06 com t\u00e9rmino no dia 13\/07, com isso as inscri\u00e7\u00f5es tamb\u00e9m foram prorrogadas e terminam no pr\u00f3ximo dia 12\/06 (ter\u00e7a-feira). O novo calend\u00e1rio fica assim: 15 [&hellip;]<\/p>\n","protected":false},"author":4173,"featured_media":0,"comment_status":"closed","ping_status":"open","sticky":false,"template":"","format":"standard","meta":{"ngg_post_thumbnail":0,"footnotes":""},"categories":[203],"tags":[12],"coauthors":[],"class_list":["post-571","post","type-post","status-publish","format-standard","hentry","category-noticias-empreendedorismo-inovacao","tag-elaboracao-de-plano-de-negocios"],"_links":{"self":[{"href":"https:\/\/aginova.ufms.br\/en\/wp-json\/wp\/v2\/posts\/571","targetHints":{"allow":["GET"]}}],"collection":[{"href":"https:\/\/aginova.ufms.br\/en\/wp-json\/wp\/v2\/posts"}],"about":[{"href":"https:\/\/aginova.ufms.br\/en\/wp-json\/wp\/v2\/types\/post"}],"author":[{"embeddable":true,"href":"https:\/\/aginova.ufms.br\/en\/wp-json\/wp\/v2\/users\/4173"}],"replies":[{"embeddable":true,"href":"https:\/\/aginova.ufms.br\/en\/wp-json\/wp\/v2\/comments?post=571"}],"version-history":[{"count":10,"href":"https:\/\/aginova.ufms.br\/en\/wp-json\/wp\/v2\/posts\/571\/revisions"}],"predecessor-version":[{"id":1859,"href":"https:\/\/aginova.ufms.br\/en\/wp-json\/wp\/v2\/posts\/571\/revisions\/1859"}],"wp:attachment":[{"href":"https:\/\/aginova.ufms.br\/en\/wp-json\/wp\/v2\/media?parent=571"}],"wp:term":[{"taxonomy":"category","embeddable":true,"href":"https:\/\/aginova.ufms.br\/en\/wp-json\/wp\/v2\/categories?post=571"},{"taxonomy":"post_tag","embeddable":true,"href":"https:\/\/aginova.ufms.br\/en\/wp-json\/wp\/v2\/tags?post=571"},{"taxonomy":"author","embeddable":true,"href":"https:\/\/aginova.ufms.br\/en\/wp-json\/wp\/v2\/coauthors?post=571"}],"curies":[{"name":"wp","href":"https:\/\/api.w.org\/{rel}","templated":true}]}}