{"id":588,"date":"2012-06-15T09:25:26","date_gmt":"2012-06-15T13:25:26","guid":{"rendered":"http:\/\/inovacao.bellatrix.ufms.br\/?p=588"},"modified":"2022-07-22T13:51:37","modified_gmt":"2022-07-22T17:51:37","slug":"ufms-e-sebrae-realizam-curso-de-capacitacao-para-empreendedores","status":"publish","type":"post","link":"https:\/\/aginova.ufms.br\/en\/ufms-e-sebrae-realizam-curso-de-capacitacao-para-empreendedores\/","title":{"rendered":"UFMS e Sebrae realizam curso de capacita\u00e7\u00e3o para empreendedores."},"content":{"rendered":"<p>A partir do dia 15\/6, alunos da UFMS participar\u00e3o de um curso de elabora\u00e7\u00e3o de planos de neg\u00f3cios ministrado pelo Sebrae. A iniciativa busca auxiliar os alunos interessados em empreender, a partir de conhecimentos pr\u00e1ticos de gest\u00e3o. O conte\u00fado do curso aborda an\u00e1lise de mercado, plano de marketing, plano operacional, plano financeiro e avalia\u00e7\u00e3o estrat\u00e9gica do empreendimento. Juntos, estes t\u00f3picos ir\u00e3o compor um documento final, o plano de neg\u00f3cios de uma empresa idealizada pelos participantes.<\/p>\n<p>&nbsp;<\/p>\n<p>Est\u00e3o inscritos alunos de onze cursos da universidade: Administra\u00e7\u00e3o, Ci\u00eancia da Computa\u00e7\u00e3o, Ci\u00eancias Sociais, Direito, Economia, Engenharia de Produ\u00e7\u00e3o, Engenharia El\u00e9trica, Engenharia Ambiental, Pedagogia, Medicina Veterin\u00e1ria e Zootecnia. Na capacita\u00e7\u00e3o, os participantes receber\u00e3o informa\u00e7\u00f5es do Programa Empresa Junior, criado pela UFMS em fevereiro, e que disciplina as atividades de empresas juniores vinculadas aos cursos de gradua\u00e7\u00e3o da institui\u00e7\u00e3o.<\/p>\n<p>&nbsp;<\/p>\n<p><strong>Redes Sociais<\/strong>: O aspecto inovador do curso \u00e9 que ele ocorrer\u00e1 formatado sob medida para atender as necessidades dos alunos empreendedores da institui\u00e7\u00e3o. O curso acontecer\u00e1 na UFMS, em um dia da semana e hor\u00e1rio escolhidos pelos participantes por meio de vota\u00e7\u00e3o na rede social Facebook. Para curtir o movimento junior da UFMS no Facebook e seguir informa\u00e7\u00f5es atualizadas no Twitter, basta acessar a \u00e1rea de redes sociais do Portal Inova\u00e7\u00e3o:\u00a0<a href=\"http:\/\/inovacao.bellatrix.ufms.br\/universidade-empresa\/redes-sociais\" target=\"_blank\" rel=\"noopener\">http:\/\/inovacao.bellatrix.ufms.br\/universidade-empresa\/redes-sociais<\/a>.<\/p>\n","protected":false},"excerpt":{"rendered":"<p>A partir do dia 15\/6, alunos da UFMS participar\u00e3o de um curso de elabora\u00e7\u00e3o de planos de neg\u00f3cios ministrado pelo Sebrae. A iniciativa busca auxiliar os alunos interessados em empreender, a partir de conhecimentos pr\u00e1ticos de gest\u00e3o. O conte\u00fado do curso aborda an\u00e1lise de mercado, plano de marketing, plano operacional, plano financeiro e avalia\u00e7\u00e3o estrat\u00e9gica [&hellip;]<\/p>\n","protected":false},"author":4173,"featured_media":0,"comment_status":"closed","ping_status":"open","sticky":false,"template":"","format":"standard","meta":{"ngg_post_thumbnail":0,"footnotes":""},"categories":[203],"tags":[],"coauthors":[],"class_list":["post-588","post","type-post","status-publish","format-standard","hentry","category-noticias-empreendedorismo-inovacao"],"_links":{"self":[{"href":"https:\/\/aginova.ufms.br\/en\/wp-json\/wp\/v2\/posts\/588","targetHints":{"allow":["GET"]}}],"collection":[{"href":"https:\/\/aginova.ufms.br\/en\/wp-json\/wp\/v2\/posts"}],"about":[{"href":"https:\/\/aginova.ufms.br\/en\/wp-json\/wp\/v2\/types\/post"}],"author":[{"embeddable":true,"href":"https:\/\/aginova.ufms.br\/en\/wp-json\/wp\/v2\/users\/4173"}],"replies":[{"embeddable":true,"href":"https:\/\/aginova.ufms.br\/en\/wp-json\/wp\/v2\/comments?post=588"}],"version-history":[{"count":3,"href":"https:\/\/aginova.ufms.br\/en\/wp-json\/wp\/v2\/posts\/588\/revisions"}],"predecessor-version":[{"id":12009,"href":"https:\/\/aginova.ufms.br\/en\/wp-json\/wp\/v2\/posts\/588\/revisions\/12009"}],"wp:attachment":[{"href":"https:\/\/aginova.ufms.br\/en\/wp-json\/wp\/v2\/media?parent=588"}],"wp:term":[{"taxonomy":"category","embeddable":true,"href":"https:\/\/aginova.ufms.br\/en\/wp-json\/wp\/v2\/categories?post=588"},{"taxonomy":"post_tag","embeddable":true,"href":"https:\/\/aginova.ufms.br\/en\/wp-json\/wp\/v2\/tags?post=588"},{"taxonomy":"author","embeddable":true,"href":"https:\/\/aginova.ufms.br\/en\/wp-json\/wp\/v2\/coauthors?post=588"}],"curies":[{"name":"wp","href":"https:\/\/api.w.org\/{rel}","templated":true}]}}