{"id":617,"date":"2012-08-03T09:00:28","date_gmt":"2012-08-03T13:00:28","guid":{"rendered":"http:\/\/inovacao.bellatrix.ufms.br\/?p=617"},"modified":"2022-07-22T13:51:36","modified_gmt":"2022-07-22T17:51:36","slug":"617","status":"publish","type":"post","link":"https:\/\/aginova.ufms.br\/en\/617\/","title":{"rendered":"Capacita\u00e7\u00e3o Empresarial a dist\u00e2ncia."},"content":{"rendered":"<p style=\"text-align: center;\"><img fetchpriority=\"high\" decoding=\"async\" class=\"size-full wp-image-616 aligncenter ml-lightbox-enabled\" title=\"emkt_gest_de_equipes-ABERTO_unb\" src=\"http:\/\/inovacao.bellatrix.ufms.br\/files\/2012\/08\/emkt_gest_de_equipes-ABERTO_unb.jpg\" alt=\"\" width=\"800\" height=\"1120\" srcset=\"https:\/\/aginova.ufms.br\/files\/2012\/08\/emkt_gest_de_equipes-ABERTO_unb.jpg 800w, https:\/\/aginova.ufms.br\/files\/2012\/08\/emkt_gest_de_equipes-ABERTO_unb-214x300.jpg 214w, https:\/\/aginova.ufms.br\/files\/2012\/08\/emkt_gest_de_equipes-ABERTO_unb-731x1024.jpg 731w\" sizes=\"(max-width: 800px) 100vw, 800px\" \/><\/p>\n<p>Este projeto tem por objetivo capacitar micro e pequenos empres\u00e1rios dos Estados de Goi\u00e1s, Mato Grosso, Mato Grosso do Sul, Tocantins e do Distrito Federal, por meio de cursos de curta dura\u00e7\u00e3o com temas voltados \u00e0 inova\u00e7\u00e3o.<\/p>\n<p>Os cursos ser\u00e3o a dist\u00e2ncia, utilizando uma ferramenta interativa que permitir\u00e1 uma absor\u00e7\u00e3o dos conte\u00fados de forma pr\u00e1tica e din\u00e2mica.\u00a0Ap\u00f3s adquirir conhecimentos te\u00f3ricos, os participantes participar\u00e3o de uma consultoria presencial para que estejam aptos a utilizar a teoria na pr\u00e1tica e melhorar o desenvolvimento dos seus produtos e servi\u00e7os. E o que \u00e9 melhor, sem custo algum!<\/p>\n<p>Voc\u00ea que \u00e9 empres\u00e1rio, participe! N\u00e3o perca essa oportunidade de se capacitar e fazer de seu neg\u00f3cio um empreendimento de sucesso!<br \/>\nFonte:\u00a0<a href=\"http:\/\/www.cdt.unb.br\/capacitacaoempresarial\/index.php?sessao=apresentacao\">http:\/\/www.cdt.unb.br<\/a>.<\/p>\n","protected":false},"excerpt":{"rendered":"<p>Este projeto tem por objetivo capacitar micro e pequenos empres\u00e1rios dos Estados de Goi\u00e1s, Mato Grosso, Mato Grosso do Sul, Tocantins e do Distrito Federal, por meio de cursos de curta dura\u00e7\u00e3o com temas voltados \u00e0 inova\u00e7\u00e3o. Os cursos ser\u00e3o a dist\u00e2ncia, utilizando uma ferramenta interativa que permitir\u00e1 uma absor\u00e7\u00e3o dos conte\u00fados de forma pr\u00e1tica [&hellip;]<\/p>\n","protected":false},"author":4173,"featured_media":616,"comment_status":"closed","ping_status":"open","sticky":false,"template":"","format":"standard","meta":{"ngg_post_thumbnail":0,"footnotes":""},"categories":[203],"tags":[],"coauthors":[],"class_list":["post-617","post","type-post","status-publish","format-standard","has-post-thumbnail","hentry","category-noticias-empreendedorismo-inovacao"],"_links":{"self":[{"href":"https:\/\/aginova.ufms.br\/en\/wp-json\/wp\/v2\/posts\/617","targetHints":{"allow":["GET"]}}],"collection":[{"href":"https:\/\/aginova.ufms.br\/en\/wp-json\/wp\/v2\/posts"}],"about":[{"href":"https:\/\/aginova.ufms.br\/en\/wp-json\/wp\/v2\/types\/post"}],"author":[{"embeddable":true,"href":"https:\/\/aginova.ufms.br\/en\/wp-json\/wp\/v2\/users\/4173"}],"replies":[{"embeddable":true,"href":"https:\/\/aginova.ufms.br\/en\/wp-json\/wp\/v2\/comments?post=617"}],"version-history":[{"count":6,"href":"https:\/\/aginova.ufms.br\/en\/wp-json\/wp\/v2\/posts\/617\/revisions"}],"predecessor-version":[{"id":641,"href":"https:\/\/aginova.ufms.br\/en\/wp-json\/wp\/v2\/posts\/617\/revisions\/641"}],"wp:featuredmedia":[{"embeddable":true,"href":"https:\/\/aginova.ufms.br\/en\/wp-json\/wp\/v2\/media\/616"}],"wp:attachment":[{"href":"https:\/\/aginova.ufms.br\/en\/wp-json\/wp\/v2\/media?parent=617"}],"wp:term":[{"taxonomy":"category","embeddable":true,"href":"https:\/\/aginova.ufms.br\/en\/wp-json\/wp\/v2\/categories?post=617"},{"taxonomy":"post_tag","embeddable":true,"href":"https:\/\/aginova.ufms.br\/en\/wp-json\/wp\/v2\/tags?post=617"},{"taxonomy":"author","embeddable":true,"href":"https:\/\/aginova.ufms.br\/en\/wp-json\/wp\/v2\/coauthors?post=617"}],"curies":[{"name":"wp","href":"https:\/\/api.w.org\/{rel}","templated":true}]}}