{"id":629,"date":"2012-08-10T10:26:33","date_gmt":"2012-08-10T14:26:33","guid":{"rendered":"http:\/\/inovacao.bellatrix.ufms.br\/?p=629"},"modified":"2022-07-22T13:51:36","modified_gmt":"2022-07-22T17:51:36","slug":"anpei-alerta-sem-inovacao-sobrevivencia-das-empresas-esta-ameacada","status":"publish","type":"post","link":"https:\/\/aginova.ufms.br\/en\/anpei-alerta-sem-inovacao-sobrevivencia-das-empresas-esta-ameacada\/","title":{"rendered":"Anpei alerta: sem inova\u00e7\u00e3o, sobreviv\u00eancia das empresas est\u00e1 amea\u00e7ada."},"content":{"rendered":"<p style=\"text-align: center;\"><img fetchpriority=\"high\" decoding=\"async\" class=\"size-full wp-image-630 aligncenter\" title=\"ANPEI-news-620x250\" src=\"http:\/\/inovacao.bellatrix.ufms.br\/files\/2012\/08\/ANPEI-news-620x250.jpg\" alt=\"\" width=\"620\" height=\"250\" srcset=\"https:\/\/aginova.ufms.br\/files\/2012\/08\/ANPEI-news-620x250.jpg 620w, https:\/\/aginova.ufms.br\/files\/2012\/08\/ANPEI-news-620x250-300x120.jpg 300w\" sizes=\"(max-width: 620px) 100vw, 620px\" \/><\/p>\n<p style=\"text-align: left;\">A XII Confer\u00eancia Anpei ocorreu em junho, em Joinville, Santa Catarina, com um alerta: sem inova\u00e7\u00e3o n\u00e3o h\u00e1 condi\u00e7\u00f5es de sobreviv\u00eancia para a ind\u00fastria local.<\/p>\n<p style=\"text-align: left;\">Esta foi a principal mensagem da Carta de Joinville, documento divulgado ao final do evento que cont\u00e9m os principais pontos das discuss\u00f5es travadas nos tr\u00eas dias de realiza\u00e7\u00e3o do encontro, e indica\u00e7\u00f5es para uma agenda que ap\u00f3ie o avan\u00e7o das atividades de inova\u00e7\u00e3o no Brasil.<\/p>\n<p style=\"text-align: left;\">\u201cSem inova\u00e7\u00e3o n\u00e3o h\u00e1 condi\u00e7\u00f5es de sobreviv\u00eancia para a ind\u00fastria local e \u00e9 com esse sentido de urg\u00eancia que a Anpei recomenda que a pol\u00edtica econ\u00f4mica seja orientada para a inova\u00e7\u00e3o\u201d, destaca o documento. \u201cEsperamos que a Carta de Joinville seja um marco importante para o avan\u00e7o da inova\u00e7\u00e3o no Brasil e que tenhamos, na Confer\u00eancia do ano que vem, algo concreto em termos de evolu\u00e7\u00e3o\u201d, destacou Carlos Calmanovici, presidente da Anpei.<\/p>\n<p style=\"text-align: left;\">A Carta de Joinville foi lida por Mario Barra, diretor da Anpei e coordenador t\u00e9cnico da XII Confer\u00eancia, cujo tema geral foi \u201cInovar Agora: Competi\u00e7\u00e3o Global e Sobreviv\u00eancia Local\u201d. \u201cA Carta \u00e9 uma declara\u00e7\u00e3o de princ\u00edpios e resultados, uma tradi\u00e7\u00e3o estabelecida pela Anpei para a Confer\u00eancia desde a reuni\u00e3o feita em Salvador em 2007\u201d, explicou Barra.<\/p>\n<p style=\"text-align: left;\">O documento defende a identifica\u00e7\u00e3o de voca\u00e7\u00f5es e incentivo \u00e0 iniciativas que garantam saltos qualitativos da inova\u00e7\u00e3o no Brasil. \u201cDestacamos os projetos estruturantes em energia, incluindo o pr\u00e9-sal e as energias renov\u00e1veis, tecnologias sustent\u00e1veis, sa\u00fade e, em particular, de projetos voltados para o aproveitamento sustent\u00e1vel da biodiversidade, um recurso destacado do Brasil e que pode representar uma grande oportunidade, inclusive para a inclus\u00e3o social de comunidades locais, com adensamento da cadeia produtiva e uso sustent\u00e1vel dos recursos do patrim\u00f4nio gen\u00e9tico do Brasil.\u201d<\/p>\n<p style=\"text-align: left;\">A Carta tamb\u00e9m manifesta a preocupa\u00e7\u00e3o da Anpei e seus associados com a redu\u00e7\u00e3o dos valores de investimentos em inova\u00e7\u00e3o e os cortes or\u00e7ament\u00e1rios realizados nos \u00faltimos dois anos \u2013 22% s\u00f3 neste ano \u2013, com a falta de um ambiente legal e disponibilidade previs\u00edveis de recursos e com a partilha dos recursos da explora\u00e7\u00e3o do petr\u00f3leo no pr\u00e9-sal. Fala ainda da necessidade de recomposi\u00e7\u00e3o dos recursos do Fundo Nacional de Desenvolvimento Cient\u00edfico e Tecnol\u00f3gico (FNDCT), do aperfei\u00e7oamento do marco legal de acesso \u00e0 biodiversidade e da forma\u00e7\u00e3o de recursos humanos.<\/p>\n<p style=\"text-align: left;\">Leia a Carta de Joinville na \u00edntegra\u00a0<strong><a href=\"http:\/\/www.anpei.org.br\/wp-content\/uploads\/2012\/06\/carta_-de_joinville_final.pdf\">aqui<\/a><\/strong>.<\/p>\n<p>&nbsp;<\/p>\n<p>fonte: www.anpei.org.br<\/p>\n","protected":false},"excerpt":{"rendered":"<p>A XII Confer\u00eancia Anpei ocorreu em junho, em Joinville, Santa Catarina, com um alerta: sem inova\u00e7\u00e3o n\u00e3o h\u00e1 condi\u00e7\u00f5es de sobreviv\u00eancia para a ind\u00fastria local. Esta foi a principal mensagem da Carta de Joinville, documento divulgado ao final do evento que cont\u00e9m os principais pontos das discuss\u00f5es travadas nos tr\u00eas dias de realiza\u00e7\u00e3o do encontro, [&hellip;]<\/p>\n","protected":false},"author":4173,"featured_media":0,"comment_status":"closed","ping_status":"open","sticky":false,"template":"","format":"standard","meta":{"ngg_post_thumbnail":0,"footnotes":""},"categories":[203],"tags":[],"coauthors":[],"class_list":["post-629","post","type-post","status-publish","format-standard","hentry","category-noticias-empreendedorismo-inovacao"],"_links":{"self":[{"href":"https:\/\/aginova.ufms.br\/en\/wp-json\/wp\/v2\/posts\/629","targetHints":{"allow":["GET"]}}],"collection":[{"href":"https:\/\/aginova.ufms.br\/en\/wp-json\/wp\/v2\/posts"}],"about":[{"href":"https:\/\/aginova.ufms.br\/en\/wp-json\/wp\/v2\/types\/post"}],"author":[{"embeddable":true,"href":"https:\/\/aginova.ufms.br\/en\/wp-json\/wp\/v2\/users\/4173"}],"replies":[{"embeddable":true,"href":"https:\/\/aginova.ufms.br\/en\/wp-json\/wp\/v2\/comments?post=629"}],"version-history":[{"count":5,"href":"https:\/\/aginova.ufms.br\/en\/wp-json\/wp\/v2\/posts\/629\/revisions"}],"predecessor-version":[{"id":2934,"href":"https:\/\/aginova.ufms.br\/en\/wp-json\/wp\/v2\/posts\/629\/revisions\/2934"}],"wp:attachment":[{"href":"https:\/\/aginova.ufms.br\/en\/wp-json\/wp\/v2\/media?parent=629"}],"wp:term":[{"taxonomy":"category","embeddable":true,"href":"https:\/\/aginova.ufms.br\/en\/wp-json\/wp\/v2\/categories?post=629"},{"taxonomy":"post_tag","embeddable":true,"href":"https:\/\/aginova.ufms.br\/en\/wp-json\/wp\/v2\/tags?post=629"},{"taxonomy":"author","embeddable":true,"href":"https:\/\/aginova.ufms.br\/en\/wp-json\/wp\/v2\/coauthors?post=629"}],"curies":[{"name":"wp","href":"https:\/\/api.w.org\/{rel}","templated":true}]}}