{"id":6478,"date":"2018-10-10T17:08:46","date_gmt":"2018-10-10T20:08:46","guid":{"rendered":"https:\/\/aginova.ufms.br\/?p=6478"},"modified":"2025-05-28T15:27:08","modified_gmt":"2025-05-28T19:27:08","slug":"termina-segunda-prazo-para-inscricao-no-bracol","status":"publish","type":"post","link":"https:\/\/aginova.ufms.br\/en\/termina-segunda-prazo-para-inscricao-no-bracol\/","title":{"rendered":"(Portugu\u00eas do Brasil) Termina segunda prazo para inscri\u00e7\u00e3o no Bracol"},"content":{"rendered":"<p class=\"qtranxs-available-languages-message qtranxs-available-languages-message-en\">Sorry, this entry is only available in <a href=\"https:\/\/aginova.ufms.br\/pb\/wp-json\/wp\/v2\/posts\/6478\" class=\"qtranxs-available-language-link qtranxs-available-language-link-pb\" title=\"Portugu\u00eas do Brasil\">Portugu\u00eas do Brasil<\/a>.<\/p>","protected":false},"excerpt":{"rendered":"<p>Sorry, this entry is only available in Portugu\u00eas do Brasil.<\/p>\n","protected":false},"author":7160,"featured_media":0,"comment_status":"closed","ping_status":"closed","sticky":false,"template":"","format":"standard","meta":{"ngg_post_thumbnail":0,"footnotes":""},"categories":[84],"tags":[],"coauthors":[],"class_list":["post-6478","post","type-post","status-publish","format-standard","hentry","category-relacoes-internacionais"],"_links":{"self":[{"href":"https:\/\/aginova.ufms.br\/en\/wp-json\/wp\/v2\/posts\/6478","targetHints":{"allow":["GET"]}}],"collection":[{"href":"https:\/\/aginova.ufms.br\/en\/wp-json\/wp\/v2\/posts"}],"about":[{"href":"https:\/\/aginova.ufms.br\/en\/wp-json\/wp\/v2\/types\/post"}],"author":[{"embeddable":true,"href":"https:\/\/aginova.ufms.br\/en\/wp-json\/wp\/v2\/users\/7160"}],"replies":[{"embeddable":true,"href":"https:\/\/aginova.ufms.br\/en\/wp-json\/wp\/v2\/comments?post=6478"}],"version-history":[{"count":4,"href":"https:\/\/aginova.ufms.br\/en\/wp-json\/wp\/v2\/posts\/6478\/revisions"}],"predecessor-version":[{"id":6482,"href":"https:\/\/aginova.ufms.br\/en\/wp-json\/wp\/v2\/posts\/6478\/revisions\/6482"}],"wp:attachment":[{"href":"https:\/\/aginova.ufms.br\/en\/wp-json\/wp\/v2\/media?parent=6478"}],"wp:term":[{"taxonomy":"category","embeddable":true,"href":"https:\/\/aginova.ufms.br\/en\/wp-json\/wp\/v2\/categories?post=6478"},{"taxonomy":"post_tag","embeddable":true,"href":"https:\/\/aginova.ufms.br\/en\/wp-json\/wp\/v2\/tags?post=6478"},{"taxonomy":"author","embeddable":true,"href":"https:\/\/aginova.ufms.br\/en\/wp-json\/wp\/v2\/coauthors?post=6478"}],"curies":[{"name":"wp","href":"https:\/\/api.w.org\/{rel}","templated":true}]}}