{"id":6509,"date":"2018-10-22T15:56:41","date_gmt":"2018-10-22T18:56:41","guid":{"rendered":"https:\/\/aginova.ufms.br\/?p=6509"},"modified":"2025-05-28T15:27:08","modified_gmt":"2025-05-28T19:27:08","slug":"internacionalizacao-no-integra-2018-vagas-limitadas","status":"publish","type":"post","link":"https:\/\/aginova.ufms.br\/en\/internacionalizacao-no-integra-2018-vagas-limitadas\/","title":{"rendered":"(Portugu\u00eas do Brasil) Internacionaliza\u00e7\u00e3o no Integra 2018. Vagas limitadas!"},"content":{"rendered":"<p class=\"qtranxs-available-languages-message qtranxs-available-languages-message-en\">Sorry, this entry is only available in <a href=\"https:\/\/aginova.ufms.br\/pb\/wp-json\/wp\/v2\/posts\/6509\" class=\"qtranxs-available-language-link qtranxs-available-language-link-pb\" title=\"Portugu\u00eas do Brasil\">Portugu\u00eas do Brasil<\/a>.<\/p>","protected":false},"excerpt":{"rendered":"<p>Sorry, this entry is only available in Portugu\u00eas do Brasil.<\/p>\n","protected":false},"author":423,"featured_media":0,"comment_status":"closed","ping_status":"closed","sticky":false,"template":"","format":"standard","meta":{"ngg_post_thumbnail":0,"footnotes":""},"categories":[84],"tags":[144,143,142],"coauthors":[],"class_list":["post-6509","post","type-post","status-publish","format-standard","hentry","category-relacoes-internacionais","tag-integra","tag-internacional","tag-internacionalizacao"],"_links":{"self":[{"href":"https:\/\/aginova.ufms.br\/en\/wp-json\/wp\/v2\/posts\/6509","targetHints":{"allow":["GET"]}}],"collection":[{"href":"https:\/\/aginova.ufms.br\/en\/wp-json\/wp\/v2\/posts"}],"about":[{"href":"https:\/\/aginova.ufms.br\/en\/wp-json\/wp\/v2\/types\/post"}],"author":[{"embeddable":true,"href":"https:\/\/aginova.ufms.br\/en\/wp-json\/wp\/v2\/users\/423"}],"replies":[{"embeddable":true,"href":"https:\/\/aginova.ufms.br\/en\/wp-json\/wp\/v2\/comments?post=6509"}],"version-history":[{"count":8,"href":"https:\/\/aginova.ufms.br\/en\/wp-json\/wp\/v2\/posts\/6509\/revisions"}],"predecessor-version":[{"id":6548,"href":"https:\/\/aginova.ufms.br\/en\/wp-json\/wp\/v2\/posts\/6509\/revisions\/6548"}],"wp:attachment":[{"href":"https:\/\/aginova.ufms.br\/en\/wp-json\/wp\/v2\/media?parent=6509"}],"wp:term":[{"taxonomy":"category","embeddable":true,"href":"https:\/\/aginova.ufms.br\/en\/wp-json\/wp\/v2\/categories?post=6509"},{"taxonomy":"post_tag","embeddable":true,"href":"https:\/\/aginova.ufms.br\/en\/wp-json\/wp\/v2\/tags?post=6509"},{"taxonomy":"author","embeddable":true,"href":"https:\/\/aginova.ufms.br\/en\/wp-json\/wp\/v2\/coauthors?post=6509"}],"curies":[{"name":"wp","href":"https:\/\/api.w.org\/{rel}","templated":true}]}}