{"id":669,"date":"2012-08-17T10:18:46","date_gmt":"2012-08-17T14:18:46","guid":{"rendered":"http:\/\/inovacao.bellatrix.ufms.br\/?p=669"},"modified":"2022-07-22T13:51:35","modified_gmt":"2022-07-22T17:51:35","slug":"abertas-inscricoes-para-curso-geral-de-propriedade-intelectual-a-distancia","status":"publish","type":"post","link":"https:\/\/aginova.ufms.br\/en\/abertas-inscricoes-para-curso-geral-de-propriedade-intelectual-a-distancia\/","title":{"rendered":"Abertas inscri\u00e7\u00f5es para Curso Geral de Propriedade Intelectual \u00e0 Dist\u00e2ncia"},"content":{"rendered":"<p>O Instituto Nacional da Propriedade Industrial (INPI) est\u00e1 oferecendo o Curso Geral de Propriedade Intelectual \u00e0 Dist\u00e2ncia (DL 101 BR), desenvolvido em parceria com a Organiza\u00e7\u00e3o Mundial da Propriedade Intelectual (OMPI) e com o Minist\u00e9rio da Cultura (MINC). O curso \u00e9 organizado pela Equipe de Educa\u00e7\u00e3o \u00e0 Dist\u00e2ncia em Propriedade Intelectual da Academia da Propriedade Intelectual, Inova\u00e7\u00e3o e Desenvolvimento do INPI.<\/p>\n<p>As inscri\u00e7\u00f5es j\u00e1 est\u00e3o abertas e podem ser feitas at\u00e9 1\u00ba de setembro (ou at\u00e9 preenchimento completo das vagas). O curso ser\u00e1 realizado de 24 de setembro a 6 de novembro. O exame final ser\u00e1 aplicado nos dias 5 e 6 de novembro.<\/p>\n<p>O curso \u00e9 gratuito e tem como objetivo apresentar uma vis\u00e3o atualizada dos mecanismos de prote\u00e7\u00e3o das cria\u00e7\u00f5es intelectuais, enfocando o arcabou\u00e7o legal brasileiro e as atribui\u00e7\u00f5es do INPI.<\/p>\n<p>Os t\u00f3picos que ser\u00e3o abordados s\u00e3o: Introdu\u00e7\u00e3o \u00e0 Propriedade Intelectual; Direitos Autorais (inclui Direitos Conexos e Prote\u00e7\u00e3o de Programas de Computador); Marcas; Indica\u00e7\u00f5es Geogr\u00e1ficas; Desenho Industrial; Patentes; Tratados Internacionais; Concorr\u00eancia Desleal; Prote\u00e7\u00e3o de Novas Variedades de Plantas; Informa\u00e7\u00e3o Tecnol\u00f3gica; Transfer\u00eancia de Tecnologia.<\/p>\n<p>O processo de inscri\u00e7\u00e3o e de realiza\u00e7\u00e3o das atividades \u00e9 inteiramente online, com aulas, f\u00f3runs de discuss\u00e3o,\u00a0<em>chats<\/em>\u00a0e tutoria personalizada com especialistas do INPI. N\u00e3o h\u00e1 aulas em hor\u00e1rios pr\u00e9-determinados, \u00e9 o aluno quem monta seu cronograma de estudos. O tempo de estudo a ser disponibilizado \u00e9 de 75 horas. Ao fim do curso haver\u00e1 um exame final online de m\u00faltipla escolha. Apenas os aprovados nesse exame (pontua\u00e7\u00e3o m\u00ednima 50%) receber\u00e3o certificado.<\/p>\n<p>A ficha de inscri\u00e7\u00e3o est\u00e1\u00a0<a href=\"http:\/\/www.wipo.int\/academy\/pt\/courses\/rp_catalog\/index.jsp\">http:\/\/www.wipo.int\/academy\/<br \/>\npt\/courses\/rp_catalog\/index.jsp<\/a>, mas antes de preench\u00ea-la \u00e9 preciso criar uma conta de usu\u00e1rio no site da OMPI\u00a0<a href=\"http:\/\/www.wipo.int\/usercenter\/pt\/register.jsp\">www.wipo.int\/usercenter\/pt\/register.jsp<\/a>.<\/p>\n<p>D\u00favidas e informa\u00e7\u00f5es sobre o curso e procedimentos de inscri\u00e7\u00e3o:<a href=\"mailto:ead@inpi.gov.br\">ead@inpi.gov.br<\/a>.<\/p>\n<p>&nbsp;<\/p>\n<p>Fonte: <a href=\"http:\/\/www.anpei.org.br\/\">Anpei.org.br<\/a><\/p>\n","protected":false},"excerpt":{"rendered":"<p>O Instituto Nacional da Propriedade Industrial (INPI) est\u00e1 oferecendo o Curso Geral de Propriedade Intelectual \u00e0 Dist\u00e2ncia (DL 101 BR), desenvolvido em parceria com a Organiza\u00e7\u00e3o Mundial da Propriedade Intelectual (OMPI) e com o Minist\u00e9rio da Cultura (MINC). O curso \u00e9 organizado pela Equipe de Educa\u00e7\u00e3o \u00e0 Dist\u00e2ncia em Propriedade Intelectual da Academia da Propriedade [&hellip;]<\/p>\n","protected":false},"author":4173,"featured_media":0,"comment_status":"closed","ping_status":"open","sticky":false,"template":"","format":"standard","meta":{"ngg_post_thumbnail":0,"footnotes":""},"categories":[203],"tags":[],"coauthors":[],"class_list":["post-669","post","type-post","status-publish","format-standard","hentry","category-noticias-empreendedorismo-inovacao"],"_links":{"self":[{"href":"https:\/\/aginova.ufms.br\/en\/wp-json\/wp\/v2\/posts\/669","targetHints":{"allow":["GET"]}}],"collection":[{"href":"https:\/\/aginova.ufms.br\/en\/wp-json\/wp\/v2\/posts"}],"about":[{"href":"https:\/\/aginova.ufms.br\/en\/wp-json\/wp\/v2\/types\/post"}],"author":[{"embeddable":true,"href":"https:\/\/aginova.ufms.br\/en\/wp-json\/wp\/v2\/users\/4173"}],"replies":[{"embeddable":true,"href":"https:\/\/aginova.ufms.br\/en\/wp-json\/wp\/v2\/comments?post=669"}],"version-history":[{"count":4,"href":"https:\/\/aginova.ufms.br\/en\/wp-json\/wp\/v2\/posts\/669\/revisions"}],"predecessor-version":[{"id":677,"href":"https:\/\/aginova.ufms.br\/en\/wp-json\/wp\/v2\/posts\/669\/revisions\/677"}],"wp:attachment":[{"href":"https:\/\/aginova.ufms.br\/en\/wp-json\/wp\/v2\/media?parent=669"}],"wp:term":[{"taxonomy":"category","embeddable":true,"href":"https:\/\/aginova.ufms.br\/en\/wp-json\/wp\/v2\/categories?post=669"},{"taxonomy":"post_tag","embeddable":true,"href":"https:\/\/aginova.ufms.br\/en\/wp-json\/wp\/v2\/tags?post=669"},{"taxonomy":"author","embeddable":true,"href":"https:\/\/aginova.ufms.br\/en\/wp-json\/wp\/v2\/coauthors?post=669"}],"curies":[{"name":"wp","href":"https:\/\/api.w.org\/{rel}","templated":true}]}}