{"id":6978,"date":"2019-03-28T08:54:38","date_gmt":"2019-03-28T12:54:38","guid":{"rendered":"https:\/\/aginova.ufms.br\/?p=6978"},"modified":"2025-05-28T15:26:48","modified_gmt":"2025-05-28T19:26:48","slug":"inscricoes-abertas-programa-de-mobilidade-academica-ufms-e-u-porto-2019","status":"publish","type":"post","link":"https:\/\/aginova.ufms.br\/en\/inscricoes-abertas-programa-de-mobilidade-academica-ufms-e-u-porto-2019\/","title":{"rendered":"(Portugu\u00eas do Brasil) Programa de Mobilidade Acad\u00eamica UFMS e U.Porto 2019 (inscri\u00e7\u00f5es encerradas)"},"content":{"rendered":"<p class=\"qtranxs-available-languages-message qtranxs-available-languages-message-en\">Sorry, this entry is only available in <a href=\"https:\/\/aginova.ufms.br\/pb\/wp-json\/wp\/v2\/posts\/6978\" class=\"qtranxs-available-language-link qtranxs-available-language-link-pb\" title=\"Portugu\u00eas do Brasil\">Portugu\u00eas do Brasil<\/a>.<\/p>","protected":false},"excerpt":{"rendered":"<p>Sorry, this entry is only available in Portugu\u00eas do Brasil.<\/p>\n","protected":false},"author":28783,"featured_media":0,"comment_status":"closed","ping_status":"closed","sticky":false,"template":"","format":"standard","meta":{"ngg_post_thumbnail":0,"footnotes":""},"categories":[84],"tags":[],"coauthors":[],"class_list":["post-6978","post","type-post","status-publish","format-standard","hentry","category-relacoes-internacionais"],"_links":{"self":[{"href":"https:\/\/aginova.ufms.br\/en\/wp-json\/wp\/v2\/posts\/6978","targetHints":{"allow":["GET"]}}],"collection":[{"href":"https:\/\/aginova.ufms.br\/en\/wp-json\/wp\/v2\/posts"}],"about":[{"href":"https:\/\/aginova.ufms.br\/en\/wp-json\/wp\/v2\/types\/post"}],"author":[{"embeddable":true,"href":"https:\/\/aginova.ufms.br\/en\/wp-json\/wp\/v2\/users\/28783"}],"replies":[{"embeddable":true,"href":"https:\/\/aginova.ufms.br\/en\/wp-json\/wp\/v2\/comments?post=6978"}],"version-history":[{"count":13,"href":"https:\/\/aginova.ufms.br\/en\/wp-json\/wp\/v2\/posts\/6978\/revisions"}],"predecessor-version":[{"id":7838,"href":"https:\/\/aginova.ufms.br\/en\/wp-json\/wp\/v2\/posts\/6978\/revisions\/7838"}],"wp:attachment":[{"href":"https:\/\/aginova.ufms.br\/en\/wp-json\/wp\/v2\/media?parent=6978"}],"wp:term":[{"taxonomy":"category","embeddable":true,"href":"https:\/\/aginova.ufms.br\/en\/wp-json\/wp\/v2\/categories?post=6978"},{"taxonomy":"post_tag","embeddable":true,"href":"https:\/\/aginova.ufms.br\/en\/wp-json\/wp\/v2\/tags?post=6978"},{"taxonomy":"author","embeddable":true,"href":"https:\/\/aginova.ufms.br\/en\/wp-json\/wp\/v2\/coauthors?post=6978"}],"curies":[{"name":"wp","href":"https:\/\/api.w.org\/{rel}","templated":true}]}}