{"id":704,"date":"2012-08-28T07:43:52","date_gmt":"2012-08-28T11:43:52","guid":{"rendered":"http:\/\/inovacao.bellatrix.ufms.br\/?p=704"},"modified":"2022-07-22T13:51:35","modified_gmt":"2022-07-22T17:51:35","slug":"alianca-empreendedora-lanca-nacionalmente-2a-edicao-do-premio-empreendedorismo-comunitario","status":"publish","type":"post","link":"https:\/\/aginova.ufms.br\/en\/alianca-empreendedora-lanca-nacionalmente-2a-edicao-do-premio-empreendedorismo-comunitario\/","title":{"rendered":"Alian\u00e7a Empreendedora lan\u00e7a nacionalmente 2\u00aa edi\u00e7\u00e3o do Pr\u00eamio Empreendedorismo Comunit\u00e1rio"},"content":{"rendered":"<p>As inscri\u00e7\u00f5es para o 2\u00ba Pr\u00eamio Alian\u00e7a de Empreendedorismo Comunit\u00e1rio come\u00e7aram nessa segunda-feira dia 27 de agosto. Neste ano, o Pr\u00eamio conta com o patroc\u00ednio master do Instituto Walmart \u2013 que investe em projetos voltados a mulheres, jovens e catadores e do Programa CATA A\u00c7\u00c3O \u2013 cujas a\u00e7\u00f5es visam contribuir para a sustentabilidade econ\u00f4mica e a cidadania plena de catadores de materiais recicl\u00e1veis e suas fam\u00edlias. O objetivo do pr\u00eamio \u00e9 identificar microempreendedores \u2013 com faturamento anual de at\u00e9 R$ 240mil \u2013 que se destacam tanto pelo neg\u00f3cio que empreendem quanto por sua contribui\u00e7\u00e3o para o desenvolvimento econ\u00f4mico e social de sua comunidade.<\/p>\n<p>Nessa edi\u00e7\u00e3o, o pr\u00eamio est\u00e1 dividido em 5 categorias\u00a0&#8211; Empreendedor Individual, Mulher Empreendedora, Jovem Empreendedor, Grupo Empreendedor e Catador Empreendedor.\u00a0O 1\u00ba colocado de cada categoria receber\u00e1 um patroc\u00ednio de R$ 5.000 (cinco mil reais) para investir em seu neg\u00f3cio, al\u00e9m de participar de uma capacita\u00e7\u00e3o oferecida pela Alian\u00e7a Empreendedora, o 2\u00ba colocado de cada categoria ter\u00e1 a oportunidade de participar tamb\u00e9m da capacita\u00e7\u00e3o da Alian\u00e7a Empreendedora.<\/p>\n<p>\u201cQueremos valorizar e premiar microempreendedores que, por seu trabalho e pelo que ele representa para o lugar onde moram, sirvam de exemplo para o Brasil\u201d,\u00a0conta Lina Useche, Co-fundadora e Diretora Executiva da Alian\u00e7a Empreendedora, organiza\u00e7\u00e3o premiada v\u00e1rias vezes por suas a\u00e7\u00f5es na \u00e1rea de gera\u00e7\u00e3o de renda e neg\u00f3cios inclusivos.<\/p>\n<p>No ano passado, a 1\u00aa edi\u00e7\u00e3o do Pr\u00eamio Alian\u00e7a de Empreendedorismo Comunit\u00e1rio, recebeu mais de 150 inscri\u00e7\u00f5es de todo o Brasil, e o vencedor, Gerson Pereira, de 34 anos, da Internet Wireless Popular, ganhou o pr\u00eamio com a proposta de oferecer internet para moradores dos bairros afastados e de baixa renda do Tatuquara e Umbar\u00e1 em Curitiba. Gerson e seu s\u00f3cio, Alex Bozza, de 28 anos, democratizaram o acesso compartilhando a banda larga com seus vizinhos porque as grandes operadoras achavam que n\u00e3o valeria a pena levar a internet nesses bairros. Hoje eles atendem quase 300 clientes.<\/p>\n<p>As inscri\u00e7\u00f5es para o 2\u00ba Pr\u00eamio Alian\u00e7a de Empreendedorismo Comunit\u00e1rio devem ser realizadas at\u00e9 o dia 28 de setembro exclusivamente pelo site\u00a0<a href=\"http:\/\/www.premioalianca.org.br\/\" target=\"_blank\" rel=\"noopener\">www.premioalianca.org.br<\/a>, nesse momento o empreendedor preencher\u00e1 a ficha de inscri\u00e7\u00e3o e poder\u00e1 inserir fotos e v\u00eddeos.<\/p>\n<p>A sele\u00e7\u00e3o dos inscritos acontecer\u00e1 em duas etapas e, no dia 22 de outubro de 2012, ser\u00e3o conhecidos os nomes dos ganhadores.<\/p>\n<p>fonte: acritica.net<\/p>\n","protected":false},"excerpt":{"rendered":"<p>As inscri\u00e7\u00f5es para o 2\u00ba Pr\u00eamio Alian\u00e7a de Empreendedorismo Comunit\u00e1rio come\u00e7aram nessa segunda-feira dia 27 de agosto. Neste ano, o Pr\u00eamio conta com o patroc\u00ednio master do Instituto Walmart \u2013 que investe em projetos voltados a mulheres, jovens e catadores e do Programa CATA A\u00c7\u00c3O \u2013 cujas a\u00e7\u00f5es visam contribuir para a sustentabilidade econ\u00f4mica e [&hellip;]<\/p>\n","protected":false},"author":4173,"featured_media":0,"comment_status":"closed","ping_status":"open","sticky":false,"template":"","format":"standard","meta":{"ngg_post_thumbnail":0,"footnotes":""},"categories":[203],"tags":[],"coauthors":[],"class_list":["post-704","post","type-post","status-publish","format-standard","hentry","category-noticias-empreendedorismo-inovacao"],"_links":{"self":[{"href":"https:\/\/aginova.ufms.br\/en\/wp-json\/wp\/v2\/posts\/704","targetHints":{"allow":["GET"]}}],"collection":[{"href":"https:\/\/aginova.ufms.br\/en\/wp-json\/wp\/v2\/posts"}],"about":[{"href":"https:\/\/aginova.ufms.br\/en\/wp-json\/wp\/v2\/types\/post"}],"author":[{"embeddable":true,"href":"https:\/\/aginova.ufms.br\/en\/wp-json\/wp\/v2\/users\/4173"}],"replies":[{"embeddable":true,"href":"https:\/\/aginova.ufms.br\/en\/wp-json\/wp\/v2\/comments?post=704"}],"version-history":[{"count":3,"href":"https:\/\/aginova.ufms.br\/en\/wp-json\/wp\/v2\/posts\/704\/revisions"}],"predecessor-version":[{"id":12005,"href":"https:\/\/aginova.ufms.br\/en\/wp-json\/wp\/v2\/posts\/704\/revisions\/12005"}],"wp:attachment":[{"href":"https:\/\/aginova.ufms.br\/en\/wp-json\/wp\/v2\/media?parent=704"}],"wp:term":[{"taxonomy":"category","embeddable":true,"href":"https:\/\/aginova.ufms.br\/en\/wp-json\/wp\/v2\/categories?post=704"},{"taxonomy":"post_tag","embeddable":true,"href":"https:\/\/aginova.ufms.br\/en\/wp-json\/wp\/v2\/tags?post=704"},{"taxonomy":"author","embeddable":true,"href":"https:\/\/aginova.ufms.br\/en\/wp-json\/wp\/v2\/coauthors?post=704"}],"curies":[{"name":"wp","href":"https:\/\/api.w.org\/{rel}","templated":true}]}}