{"id":709,"date":"2012-08-28T14:51:07","date_gmt":"2012-08-28T18:51:07","guid":{"rendered":"http:\/\/inovacao.bellatrix.ufms.br\/?p=709"},"modified":"2022-07-22T13:51:34","modified_gmt":"2022-07-22T17:51:34","slug":"forbes-mostra-dilma-focada-no-empreendedorismo","status":"publish","type":"post","link":"https:\/\/aginova.ufms.br\/en\/forbes-mostra-dilma-focada-no-empreendedorismo\/","title":{"rendered":"Forbes mostra Dilma focada no empreendedorismo"},"content":{"rendered":"<p>A revista norte-americana\u00a0<strong>Forbes<\/strong>\u00a0divulgou nesta quarta-feira a capa de sua pr\u00f3xima edi\u00e7\u00e3o com a lista das 100 mulheres mais poderosas do mundo, que chegar\u00e1 \u00e0s bancas no dia 10 de setembro. Quem ilustra a publica\u00e7\u00e3o \u00e9 a presidente brasileira, Dilma Rousseff, que \u00e9 a terceira colocada no ranking. Na legenda da foto, a revista diz: &#8220;Uma ex-marxista alimenta o motor empreendedor&#8221;.<\/p>\n<p>&nbsp;<\/p>\n<p>&nbsp;<\/p>\n<p>No texto sobre Dilma, assinado pelos rep\u00f3rteres Alexis Glick e Meghan Casserly, a<strong>Forbes<\/strong>\u00a0afirma que o Brasil est\u00e1 apostando fortemente no empreendedorismo para melhorar a qualidade de vida da popula\u00e7\u00e3o. &#8220;Nenhum outro pa\u00eds do grupo Bric (que, al\u00e9m de Brasil, conta com R\u00fassia, \u00cdndia e China) equilibra democracia e riqueza generalizada t\u00e3o bem. Metade da popula\u00e7\u00e3o brasileira agora est\u00e1 na classe m\u00e9dia &#8211; sua produ\u00e7\u00e3o, sozinha, supera toda a economia da vizinha Argentina&#8221;, diz o texto.<\/p>\n<p>&nbsp;<\/p>\n<p>A\u00a0<strong>Forbes<\/strong>\u00a0afirma ainda que o Brasil se tornou um dos pa\u00edses mais empreendedores do mundo, com um em cada quatro adultos trabalhando por conta pr\u00f3pria, de alguma maneira. Segundo a revista, a tecnologia \u00e9 um fator decisivo para esse cen\u00e1rio. A publica\u00e7\u00e3o comenta tamb\u00e9m que Dilma est\u00e1 fazendo sua parte para manter a tend\u00eancia positiva, apostando na queda dos juros, na expans\u00e3o do cr\u00e9dito, nos investimentos em infraestrutura e em cortes de impostos pontuais. &#8220;Em outras palavras, um b\u00f4nus pr\u00f3-crescimento&#8221;, diz a presidente.<\/p>\n<p>&nbsp;<\/p>\n<p>A revista cita que, al\u00e9m da alta taxa de aprova\u00e7\u00e3o entre a popula\u00e7\u00e3o, Dilma tem o apoio do empresariado brasileiro. &#8220;Nosso governo tem feito reformas substanciais nos \u00faltimos anos e Dilma est\u00e1 construindo um ambiente f\u00e9rtil para os investidores&#8221;, diz o empres\u00e1rio Eike Batista em entrevista para a\u00a0<strong>Forbes<\/strong>. &#8220;Ela \u00e9 corajosa o suficiente para levar o Brasil \u00e0 frente&#8221;, acrescenta.<\/p>\n<p>&nbsp;<\/p>\n<p>Apesar das medidas que beneficiam o mercado, a\u00a0<strong>Forbes<\/strong>\u00a0afirma que Dilma n\u00e3o abandonou seu hist\u00f3rico na luta por mais justi\u00e7a social. &#8220;Se voc\u00ea acha que o mercado sozinho foi capaz de tirar 70 milh\u00f5es de pessoas da mis\u00e9ria, voc\u00ea est\u00e1 errado&#8221;, comenta a presidente.<\/p>\n<p>fonte: estadao.com.br<\/p>\n","protected":false},"excerpt":{"rendered":"<p>A revista norte-americana\u00a0Forbes\u00a0divulgou nesta quarta-feira a capa de sua pr\u00f3xima edi\u00e7\u00e3o com a lista das 100 mulheres mais poderosas do mundo, que chegar\u00e1 \u00e0s bancas no dia 10 de setembro. Quem ilustra a publica\u00e7\u00e3o \u00e9 a presidente brasileira, Dilma Rousseff, que \u00e9 a terceira colocada no ranking. Na legenda da foto, a revista diz: &#8220;Uma [&hellip;]<\/p>\n","protected":false},"author":4173,"featured_media":0,"comment_status":"closed","ping_status":"open","sticky":false,"template":"","format":"standard","meta":{"ngg_post_thumbnail":0,"footnotes":""},"categories":[203],"tags":[],"coauthors":[],"class_list":["post-709","post","type-post","status-publish","format-standard","hentry","category-noticias-empreendedorismo-inovacao"],"_links":{"self":[{"href":"https:\/\/aginova.ufms.br\/en\/wp-json\/wp\/v2\/posts\/709","targetHints":{"allow":["GET"]}}],"collection":[{"href":"https:\/\/aginova.ufms.br\/en\/wp-json\/wp\/v2\/posts"}],"about":[{"href":"https:\/\/aginova.ufms.br\/en\/wp-json\/wp\/v2\/types\/post"}],"author":[{"embeddable":true,"href":"https:\/\/aginova.ufms.br\/en\/wp-json\/wp\/v2\/users\/4173"}],"replies":[{"embeddable":true,"href":"https:\/\/aginova.ufms.br\/en\/wp-json\/wp\/v2\/comments?post=709"}],"version-history":[{"count":3,"href":"https:\/\/aginova.ufms.br\/en\/wp-json\/wp\/v2\/posts\/709\/revisions"}],"predecessor-version":[{"id":2929,"href":"https:\/\/aginova.ufms.br\/en\/wp-json\/wp\/v2\/posts\/709\/revisions\/2929"}],"wp:attachment":[{"href":"https:\/\/aginova.ufms.br\/en\/wp-json\/wp\/v2\/media?parent=709"}],"wp:term":[{"taxonomy":"category","embeddable":true,"href":"https:\/\/aginova.ufms.br\/en\/wp-json\/wp\/v2\/categories?post=709"},{"taxonomy":"post_tag","embeddable":true,"href":"https:\/\/aginova.ufms.br\/en\/wp-json\/wp\/v2\/tags?post=709"},{"taxonomy":"author","embeddable":true,"href":"https:\/\/aginova.ufms.br\/en\/wp-json\/wp\/v2\/coauthors?post=709"}],"curies":[{"name":"wp","href":"https:\/\/api.w.org\/{rel}","templated":true}]}}