{"id":712,"date":"2012-08-28T10:10:36","date_gmt":"2012-08-28T14:10:36","guid":{"rendered":"http:\/\/inovacao.bellatrix.ufms.br\/?p=712"},"modified":"2022-07-22T13:51:34","modified_gmt":"2022-07-22T17:51:34","slug":"seja-um-avaliador-do-premio-mpe-brasil","status":"publish","type":"post","link":"https:\/\/aginova.ufms.br\/en\/seja-um-avaliador-do-premio-mpe-brasil\/","title":{"rendered":"Seja um Avaliador do Pr\u00eamio MPE Brasil."},"content":{"rendered":"<p>Seja um avaliador voluntario das empresas candidatas ao Pr\u00eamio MPE Brasil. Realize sua inscri\u00e7\u00e3o gratuitamente at\u00e9 dia 31 de agosto de 2012,\u00a0 pelo site\u00a0<a href=\"http:\/\/www.premiompe.sebrae.com.br\/\">www.premiompe.sebrae.com.br<\/a>. A capacita\u00e7\u00e3o ser\u00e1 realizada entre os dias 04 e 05 de setembro nas depend\u00eancias do SEBRAE\/MS.<\/p>\n<p>A capacita\u00e7\u00e3o tem por objetivo, habilitar os participantes a a valiar o sistema de gest\u00e3o das empresas de acordo com o Modelo de Excel\u00eancia da Gest\u00e3o &#8211; MEG, da funda\u00e7\u00e3o Nacional da Qualidade, adaptado para a realizadade das Micro e Pequenas Empresas.<\/p>\n<p>&nbsp;<\/p>\n<p><strong>Perfil<\/strong><\/p>\n<p>Conhecimentos sobre gest\u00e3o empresarial, Ferramentas da Qualidade, No\u00e7\u00f5es B\u00e1sicas Financeiras e conhecimento sobre auditoria e\/ou avalia\u00e7\u00e3o da gest\u00e3o\/sistemas de qualidade.<\/p>\n<p><strong>Benef\u00edcios ao Volunt\u00e1rio<\/strong><\/p>\n<p>Aumento da sua rede de relacionamento profissional, amplia\u00e7\u00e3o da experin\u00eancia em gest\u00e3o, aumento da empregabilidade, reconhecimento pelo trabalho volunt\u00e1rio\u00a0<strong>e principalmente a oportunidade de conhecer, na pr\u00e1tica, como funciona a gest\u00e3o de uma empresa de pequeno porte<\/strong>.<\/p>\n<p>&nbsp;<\/p>\n<p><strong>Requisitos obrigat\u00f3rios para participa\u00e7\u00e3o<\/strong><\/p>\n<p><span style=\"font-family: Calibri;font-size: medium\">\u25aa<\/span>\u00a0Cadastro no site\u00a0<a href=\"http:\/\/www.premiompe.sebrae.com.br\/\">www.premiompe.sebrae.com.br<\/a>, at\u00e9 o dia 31 de agosto de 2012.<\/p>\n<p><span style=\"font-family: Calibri;font-size: medium\">\u25aa<\/span>\u00a0Realizar o curso online gratuito: &#8220;Primeiros Passos para a Excel\u00eancia&#8221; (at\u00e9 04\/09\/2012) &#8211;<a href=\"http:\/\/www.fnq.org.br\/site\/458\/default.aspx\">http:\/\/www.fnq.org.br\/site\/458\/default.aspx<\/a><\/p>\n<p><span style=\"font-family: Calibri;font-size: medium\">\u25aa<\/span>\u00a0Curso Presencial gratuito de 16 h em CampoGrande nos dias 04 e 05 de setembro<\/p>\n<p>&nbsp;<\/p>\n<p><strong>Atua\u00e7\u00e3o (Horas de dedica\u00e7\u00e3o)<\/strong><\/p>\n<p><span style=\"font-family: Calibri;font-size: medium\">\u25aa 16 h no curso presencial<\/span><\/p>\n<p><span style=\"font-family: Calibri;font-size: medium\">\u25aa 4 h de visita na empresa<\/span><\/p>\n<p><span style=\"font-family: Calibri;font-size: medium\">\u25aa 4 h de prepara\u00e7\u00e3o do relat\u00f3rio de feedback.<\/span><\/p>\n<p>&nbsp;<\/p>\n<p align=\"center\"><span style=\"font-family: Calibri;font-size: medium\">Para maiores informa\u00e7\u00f5es entre em contato atrav\u00e9s do e-mail:<a href=\"mailto:contato@mscompetitivo.org.br\">contato@mscompetitivo.org.br<\/a>\u00a0ou pelo telefone (67) 3321-6292<\/span><\/p>\n<p style=\"text-align: left\" align=\"center\">fonte: mscompetitivo.org.br<\/p>\n","protected":false},"excerpt":{"rendered":"<p>Seja um avaliador voluntario das empresas candidatas ao Pr\u00eamio MPE Brasil. Realize sua inscri\u00e7\u00e3o gratuitamente at\u00e9 dia 31 de agosto de 2012,\u00a0 pelo site\u00a0www.premiompe.sebrae.com.br. A capacita\u00e7\u00e3o ser\u00e1 realizada entre os dias 04 e 05 de setembro nas depend\u00eancias do SEBRAE\/MS. A capacita\u00e7\u00e3o tem por objetivo, habilitar os participantes a a valiar o sistema de gest\u00e3o [&hellip;]<\/p>\n","protected":false},"author":4173,"featured_media":0,"comment_status":"closed","ping_status":"open","sticky":false,"template":"","format":"standard","meta":{"ngg_post_thumbnail":0,"footnotes":""},"categories":[203],"tags":[],"coauthors":[],"class_list":["post-712","post","type-post","status-publish","format-standard","hentry","category-noticias-empreendedorismo-inovacao"],"_links":{"self":[{"href":"https:\/\/aginova.ufms.br\/en\/wp-json\/wp\/v2\/posts\/712","targetHints":{"allow":["GET"]}}],"collection":[{"href":"https:\/\/aginova.ufms.br\/en\/wp-json\/wp\/v2\/posts"}],"about":[{"href":"https:\/\/aginova.ufms.br\/en\/wp-json\/wp\/v2\/types\/post"}],"author":[{"embeddable":true,"href":"https:\/\/aginova.ufms.br\/en\/wp-json\/wp\/v2\/users\/4173"}],"replies":[{"embeddable":true,"href":"https:\/\/aginova.ufms.br\/en\/wp-json\/wp\/v2\/comments?post=712"}],"version-history":[{"count":7,"href":"https:\/\/aginova.ufms.br\/en\/wp-json\/wp\/v2\/posts\/712\/revisions"}],"predecessor-version":[{"id":828,"href":"https:\/\/aginova.ufms.br\/en\/wp-json\/wp\/v2\/posts\/712\/revisions\/828"}],"wp:attachment":[{"href":"https:\/\/aginova.ufms.br\/en\/wp-json\/wp\/v2\/media?parent=712"}],"wp:term":[{"taxonomy":"category","embeddable":true,"href":"https:\/\/aginova.ufms.br\/en\/wp-json\/wp\/v2\/categories?post=712"},{"taxonomy":"post_tag","embeddable":true,"href":"https:\/\/aginova.ufms.br\/en\/wp-json\/wp\/v2\/tags?post=712"},{"taxonomy":"author","embeddable":true,"href":"https:\/\/aginova.ufms.br\/en\/wp-json\/wp\/v2\/coauthors?post=712"}],"curies":[{"name":"wp","href":"https:\/\/api.w.org\/{rel}","templated":true}]}}