{"id":7128,"date":"2019-05-02T09:18:08","date_gmt":"2019-05-02T13:18:08","guid":{"rendered":"https:\/\/aginova.ufms.br\/?p=7128"},"modified":"2025-05-28T15:26:30","modified_gmt":"2025-05-28T19:26:30","slug":"estao-abertas-as-inscricoes-para-o-programa-de-jovenes-lideres-iberoamericanos-da-fundacion-carolina","status":"publish","type":"post","link":"https:\/\/aginova.ufms.br\/en\/estao-abertas-as-inscricoes-para-o-programa-de-jovenes-lideres-iberoamericanos-da-fundacion-carolina\/","title":{"rendered":"(Portugu\u00eas do Brasil) Est\u00e3o abertas as inscri\u00e7\u00f5es para o Programa de J\u00f3venes L\u00edderes Iberoamericanos da Fundaci\u00f3n Carolina"},"content":{"rendered":"<p class=\"qtranxs-available-languages-message qtranxs-available-languages-message-en\">Sorry, this entry is only available in <a href=\"https:\/\/aginova.ufms.br\/pb\/wp-json\/wp\/v2\/posts\/7128\" class=\"qtranxs-available-language-link qtranxs-available-language-link-pb\" title=\"Portugu\u00eas do Brasil\">Portugu\u00eas do Brasil<\/a>.<\/p>","protected":false},"excerpt":{"rendered":"<p>Sorry, this entry is only available in Portugu\u00eas do Brasil.<\/p>\n","protected":false},"author":423,"featured_media":0,"comment_status":"closed","ping_status":"closed","sticky":false,"template":"","format":"standard","meta":{"ngg_post_thumbnail":0,"footnotes":""},"categories":[203,84],"tags":[53,145,142,146],"coauthors":[],"class_list":["post-7128","post","type-post","status-publish","format-standard","hentry","category-noticias-empreendedorismo-inovacao","category-relacoes-internacionais","tag-empreendedorismo","tag-iberoamericanos","tag-internacionalizacao","tag-selecao"],"_links":{"self":[{"href":"https:\/\/aginova.ufms.br\/en\/wp-json\/wp\/v2\/posts\/7128","targetHints":{"allow":["GET"]}}],"collection":[{"href":"https:\/\/aginova.ufms.br\/en\/wp-json\/wp\/v2\/posts"}],"about":[{"href":"https:\/\/aginova.ufms.br\/en\/wp-json\/wp\/v2\/types\/post"}],"author":[{"embeddable":true,"href":"https:\/\/aginova.ufms.br\/en\/wp-json\/wp\/v2\/users\/423"}],"replies":[{"embeddable":true,"href":"https:\/\/aginova.ufms.br\/en\/wp-json\/wp\/v2\/comments?post=7128"}],"version-history":[{"count":12,"href":"https:\/\/aginova.ufms.br\/en\/wp-json\/wp\/v2\/posts\/7128\/revisions"}],"predecessor-version":[{"id":7140,"href":"https:\/\/aginova.ufms.br\/en\/wp-json\/wp\/v2\/posts\/7128\/revisions\/7140"}],"wp:attachment":[{"href":"https:\/\/aginova.ufms.br\/en\/wp-json\/wp\/v2\/media?parent=7128"}],"wp:term":[{"taxonomy":"category","embeddable":true,"href":"https:\/\/aginova.ufms.br\/en\/wp-json\/wp\/v2\/categories?post=7128"},{"taxonomy":"post_tag","embeddable":true,"href":"https:\/\/aginova.ufms.br\/en\/wp-json\/wp\/v2\/tags?post=7128"},{"taxonomy":"author","embeddable":true,"href":"https:\/\/aginova.ufms.br\/en\/wp-json\/wp\/v2\/coauthors?post=7128"}],"curies":[{"name":"wp","href":"https:\/\/api.w.org\/{rel}","templated":true}]}}