{"id":7176,"date":"2019-05-23T13:55:45","date_gmt":"2019-05-23T17:55:45","guid":{"rendered":"https:\/\/aginova.ufms.br\/?p=7176"},"modified":"2025-05-28T15:26:30","modified_gmt":"2025-05-28T19:26:30","slug":"intercambio-com-colombia-rendeu-boas-experiencias-para-academicos","status":"publish","type":"post","link":"https:\/\/aginova.ufms.br\/en\/intercambio-com-colombia-rendeu-boas-experiencias-para-academicos\/","title":{"rendered":"(Portugu\u00eas do Brasil) Interc\u00e2mbio com a Col\u00f4mbia rendeu boas experi\u00eancias para acad\u00eamicos"},"content":{"rendered":"<p class=\"qtranxs-available-languages-message qtranxs-available-languages-message-en\">Sorry, this entry is only available in <a href=\"https:\/\/aginova.ufms.br\/pb\/wp-json\/wp\/v2\/posts\/7176\" class=\"qtranxs-available-language-link qtranxs-available-language-link-pb\" title=\"Portugu\u00eas do Brasil\">Portugu\u00eas do Brasil<\/a>.<\/p>","protected":false},"excerpt":{"rendered":"<p>Sorry, this entry is only available in Portugu\u00eas do Brasil.<\/p>\n","protected":false},"author":423,"featured_media":7179,"comment_status":"closed","ping_status":"closed","sticky":false,"template":"","format":"standard","meta":{"ngg_post_thumbnail":0,"footnotes":""},"categories":[84],"tags":[155,157,156,160,161,143,142,159,38,158],"coauthors":[],"class_list":["post-7176","post","type-post","status-publish","format-standard","has-post-thumbnail","hentry","category-relacoes-internacionais","tag-bracol","tag-brasil","tag-colombia","tag-cultura","tag-intercambio","tag-internacional","tag-internacionalizacao","tag-mobilidade-academica","tag-ufms","tag-universidade"],"_links":{"self":[{"href":"https:\/\/aginova.ufms.br\/en\/wp-json\/wp\/v2\/posts\/7176","targetHints":{"allow":["GET"]}}],"collection":[{"href":"https:\/\/aginova.ufms.br\/en\/wp-json\/wp\/v2\/posts"}],"about":[{"href":"https:\/\/aginova.ufms.br\/en\/wp-json\/wp\/v2\/types\/post"}],"author":[{"embeddable":true,"href":"https:\/\/aginova.ufms.br\/en\/wp-json\/wp\/v2\/users\/423"}],"replies":[{"embeddable":true,"href":"https:\/\/aginova.ufms.br\/en\/wp-json\/wp\/v2\/comments?post=7176"}],"version-history":[{"count":3,"href":"https:\/\/aginova.ufms.br\/en\/wp-json\/wp\/v2\/posts\/7176\/revisions"}],"predecessor-version":[{"id":7180,"href":"https:\/\/aginova.ufms.br\/en\/wp-json\/wp\/v2\/posts\/7176\/revisions\/7180"}],"wp:featuredmedia":[{"embeddable":true,"href":"https:\/\/aginova.ufms.br\/en\/wp-json\/wp\/v2\/media\/7179"}],"wp:attachment":[{"href":"https:\/\/aginova.ufms.br\/en\/wp-json\/wp\/v2\/media?parent=7176"}],"wp:term":[{"taxonomy":"category","embeddable":true,"href":"https:\/\/aginova.ufms.br\/en\/wp-json\/wp\/v2\/categories?post=7176"},{"taxonomy":"post_tag","embeddable":true,"href":"https:\/\/aginova.ufms.br\/en\/wp-json\/wp\/v2\/tags?post=7176"},{"taxonomy":"author","embeddable":true,"href":"https:\/\/aginova.ufms.br\/en\/wp-json\/wp\/v2\/coauthors?post=7176"}],"curies":[{"name":"wp","href":"https:\/\/api.w.org\/{rel}","templated":true}]}}