{"id":721,"date":"2012-08-29T11:43:11","date_gmt":"2012-08-29T15:43:11","guid":{"rendered":"http:\/\/inovacao.bellatrix.ufms.br\/?p=721"},"modified":"2022-07-22T13:51:34","modified_gmt":"2022-07-22T17:51:34","slug":"ufms-oferece-curso-gratuito-sobre-propriedade-intelectual","status":"publish","type":"post","link":"https:\/\/aginova.ufms.br\/en\/ufms-oferece-curso-gratuito-sobre-propriedade-intelectual\/","title":{"rendered":"UFMS oferece curso gratuito sobre propriedade intelectual."},"content":{"rendered":"<p><img fetchpriority=\"high\" decoding=\"async\" class=\"alignleft size-medium wp-image-724 ml-lightbox-enabled\" src=\"http:\/\/inovacao.bellatrix.ufms.br\/files\/2012\/08\/control-of-intellectual-property-paulo-zerbato-223x300.jpg\" alt=\"\" width=\"223\" height=\"300\" srcset=\"https:\/\/aginova.ufms.br\/files\/2012\/08\/control-of-intellectual-property-paulo-zerbato-223x300.jpg 223w, https:\/\/aginova.ufms.br\/files\/2012\/08\/control-of-intellectual-property-paulo-zerbato.jpg 669w\" sizes=\"(max-width: 223px) 100vw, 223px\" \/>Nos dias 28 e 29 de agosto, das 19h \u00e0s 22h, ser\u00e1 realizado na sede da Ordem dos Advogados do Brasil (OAB\/MS), o curso de &#8220;Introdu\u00e7\u00e3o \u00e0 Propriedade Intelectual: direitos autorais, marcas e patentes&#8221;. O curso \u00e9 resultado de uma parceria entre UFMS e OAB\/MS e ser\u00e1 ministrado por Guilherme Castro, secret\u00e1rio-executivo da Ag\u00eancia de Propriedade Intelectual e Transfer\u00eancia de Tecnologia (APITT), vinculada \u00e0 Coordenadoria de Relacionamento Universidade\/Empresa da Pr\u00f3-Reitoria de Pesquisa e P\u00f3s-gradua\u00e7\u00e3o (PROPP).<\/p>\n<div>\n<p style=\"text-align: justify;background: #ffffff\"><span style=\"font-family: Verdana;color: #333333\"><span style=\"font-size: medium\">Com o curso a UFMS visa contribuir para o aperfei\u00e7oamento do sistema local de inova\u00e7\u00e3o e para que as empresas possam aumentar seus investimentos em projetos tecnol\u00f3gicos. Segundo o secret\u00e1rio-executivo da APITT, a demanda pelo evento foi apresentada pela presid\u00eancia da OAB\/MS, &#8220;dado que um n\u00famero cada vez maior de advogados tem se deparado com mat\u00e9rias na \u00e1rea de Propriedade Intelectual&#8221;, explica. <\/span><\/span><\/p>\n<p>O curso \u00e9 gratuito e as inscri\u00e7\u00f5es podem ser feitas no site <a href=\"http:\/\/www.esams.org.br\/?conteudo=Cursos&amp;cur_id=255\"><strong><span style=\"font-family: Verdana\"><span style=\"font-size: medium\">esams.org.br<\/span><\/span><\/strong><\/a><span style=\"font-size: medium\"> . Mais informa\u00e7\u00f5es podem ser obtidas pelo telefone (67) 3342-4000.<\/span><\/p>\n<\/div>\n","protected":false},"excerpt":{"rendered":"<p>Nos dias 28 e 29 de agosto, das 19h \u00e0s 22h, ser\u00e1 realizado na sede da Ordem dos Advogados do Brasil (OAB\/MS), o curso de &#8220;Introdu\u00e7\u00e3o \u00e0 Propriedade Intelectual: direitos autorais, marcas e patentes&#8221;. O curso \u00e9 resultado de uma parceria entre UFMS e OAB\/MS e ser\u00e1 ministrado por Guilherme Castro, secret\u00e1rio-executivo da Ag\u00eancia de [&hellip;]<\/p>\n","protected":false},"author":4173,"featured_media":0,"comment_status":"closed","ping_status":"open","sticky":false,"template":"","format":"standard","meta":{"ngg_post_thumbnail":0,"footnotes":""},"categories":[203],"tags":[],"coauthors":[],"class_list":["post-721","post","type-post","status-publish","format-standard","hentry","category-noticias-empreendedorismo-inovacao"],"_links":{"self":[{"href":"https:\/\/aginova.ufms.br\/en\/wp-json\/wp\/v2\/posts\/721","targetHints":{"allow":["GET"]}}],"collection":[{"href":"https:\/\/aginova.ufms.br\/en\/wp-json\/wp\/v2\/posts"}],"about":[{"href":"https:\/\/aginova.ufms.br\/en\/wp-json\/wp\/v2\/types\/post"}],"author":[{"embeddable":true,"href":"https:\/\/aginova.ufms.br\/en\/wp-json\/wp\/v2\/users\/4173"}],"replies":[{"embeddable":true,"href":"https:\/\/aginova.ufms.br\/en\/wp-json\/wp\/v2\/comments?post=721"}],"version-history":[{"count":9,"href":"https:\/\/aginova.ufms.br\/en\/wp-json\/wp\/v2\/posts\/721\/revisions"}],"predecessor-version":[{"id":829,"href":"https:\/\/aginova.ufms.br\/en\/wp-json\/wp\/v2\/posts\/721\/revisions\/829"}],"wp:attachment":[{"href":"https:\/\/aginova.ufms.br\/en\/wp-json\/wp\/v2\/media?parent=721"}],"wp:term":[{"taxonomy":"category","embeddable":true,"href":"https:\/\/aginova.ufms.br\/en\/wp-json\/wp\/v2\/categories?post=721"},{"taxonomy":"post_tag","embeddable":true,"href":"https:\/\/aginova.ufms.br\/en\/wp-json\/wp\/v2\/tags?post=721"},{"taxonomy":"author","embeddable":true,"href":"https:\/\/aginova.ufms.br\/en\/wp-json\/wp\/v2\/coauthors?post=721"}],"curies":[{"name":"wp","href":"https:\/\/api.w.org\/{rel}","templated":true}]}}