{"id":7433,"date":"2019-08-07T09:27:47","date_gmt":"2019-08-07T13:27:47","guid":{"rendered":"https:\/\/aginova.ufms.br\/?p=7433"},"modified":"2025-05-28T15:26:09","modified_gmt":"2025-05-28T19:26:09","slug":"o-programa-de-pos-graduacao-em-enfermagem-junto-com-programa-de-pos-graduacao-em-saude-da-familia-realizam-seminarios-internacionais-neste-mes-de-agosto","status":"publish","type":"post","link":"https:\/\/aginova.ufms.br\/en\/o-programa-de-pos-graduacao-em-enfermagem-junto-com-programa-de-pos-graduacao-em-saude-da-familia-realizam-seminarios-internacionais-neste-mes-de-agosto\/","title":{"rendered":"(Portugu\u00eas do Brasil) O Programa de P\u00f3s-gradua\u00e7\u00e3o em Enfermagem junto com Programa de P\u00f3s-gradua\u00e7\u00e3o em Sa\u00fade da Fam\u00edlia realizam semin\u00e1rios internacionais neste m\u00eas de agosto."},"content":{"rendered":"<p class=\"qtranxs-available-languages-message qtranxs-available-languages-message-en\">Sorry, this entry is only available in <a href=\"https:\/\/aginova.ufms.br\/pb\/wp-json\/wp\/v2\/posts\/7433\" class=\"qtranxs-available-language-link qtranxs-available-language-link-pb\" title=\"Portugu\u00eas do Brasil\">Portugu\u00eas do Brasil<\/a>.<\/p>","protected":false},"excerpt":{"rendered":"<p>Sorry, this entry is only available in Portugu\u00eas do Brasil.<\/p>\n","protected":false},"author":34827,"featured_media":0,"comment_status":"closed","ping_status":"closed","sticky":false,"template":"","format":"standard","meta":{"ngg_post_thumbnail":0,"footnotes":""},"categories":[84],"tags":[168,142,169,170],"coauthors":[],"class_list":["post-7433","post","type-post","status-publish","format-standard","hentry","category-relacoes-internacionais","tag-cooperacao","tag-internacionalizacao","tag-italia","tag-seminario"],"_links":{"self":[{"href":"https:\/\/aginova.ufms.br\/en\/wp-json\/wp\/v2\/posts\/7433","targetHints":{"allow":["GET"]}}],"collection":[{"href":"https:\/\/aginova.ufms.br\/en\/wp-json\/wp\/v2\/posts"}],"about":[{"href":"https:\/\/aginova.ufms.br\/en\/wp-json\/wp\/v2\/types\/post"}],"author":[{"embeddable":true,"href":"https:\/\/aginova.ufms.br\/en\/wp-json\/wp\/v2\/users\/34827"}],"replies":[{"embeddable":true,"href":"https:\/\/aginova.ufms.br\/en\/wp-json\/wp\/v2\/comments?post=7433"}],"version-history":[{"count":10,"href":"https:\/\/aginova.ufms.br\/en\/wp-json\/wp\/v2\/posts\/7433\/revisions"}],"predecessor-version":[{"id":7454,"href":"https:\/\/aginova.ufms.br\/en\/wp-json\/wp\/v2\/posts\/7433\/revisions\/7454"}],"wp:attachment":[{"href":"https:\/\/aginova.ufms.br\/en\/wp-json\/wp\/v2\/media?parent=7433"}],"wp:term":[{"taxonomy":"category","embeddable":true,"href":"https:\/\/aginova.ufms.br\/en\/wp-json\/wp\/v2\/categories?post=7433"},{"taxonomy":"post_tag","embeddable":true,"href":"https:\/\/aginova.ufms.br\/en\/wp-json\/wp\/v2\/tags?post=7433"},{"taxonomy":"author","embeddable":true,"href":"https:\/\/aginova.ufms.br\/en\/wp-json\/wp\/v2\/coauthors?post=7433"}],"curies":[{"name":"wp","href":"https:\/\/api.w.org\/{rel}","templated":true}]}}