{"id":7485,"date":"2019-08-20T16:22:06","date_gmt":"2019-08-20T20:22:06","guid":{"rendered":"https:\/\/aginova.ufms.br\/?p=7485"},"modified":"2025-05-28T15:26:08","modified_gmt":"2025-05-28T19:26:08","slug":"mais-duas-palestras-internacionais-ocorrerao-neste-mes-de-agosto-na-ufms","status":"publish","type":"post","link":"https:\/\/aginova.ufms.br\/en\/mais-duas-palestras-internacionais-ocorrerao-neste-mes-de-agosto-na-ufms\/","title":{"rendered":"(Portugu\u00eas do Brasil) Mais duas palestras internacionais ocorrer\u00e3o neste m\u00eas de Agosto na UFMS."},"content":{"rendered":"<p class=\"qtranxs-available-languages-message qtranxs-available-languages-message-en\">Sorry, this entry is only available in <a href=\"https:\/\/aginova.ufms.br\/pb\/wp-json\/wp\/v2\/posts\/7485\" class=\"qtranxs-available-language-link qtranxs-available-language-link-pb\" title=\"Portugu\u00eas do Brasil\">Portugu\u00eas do Brasil<\/a>.<\/p>","protected":false},"excerpt":{"rendered":"<p>Sorry, this entry is only available in Portugu\u00eas do Brasil.<\/p>\n","protected":false},"author":34827,"featured_media":0,"comment_status":"closed","ping_status":"closed","sticky":false,"template":"","format":"standard","meta":{"ngg_post_thumbnail":0,"footnotes":""},"categories":[84],"tags":[175,172,168,173,143,142,171,174,38],"coauthors":[],"class_list":["post-7485","post","type-post","status-publish","format-standard","hentry","category-relacoes-internacionais","tag-atencao-primaria-em-saude","tag-comunidade","tag-cooperacao","tag-doencas-cronicas","tag-internacional","tag-internacionalizacao","tag-palestra","tag-saude","tag-ufms"],"_links":{"self":[{"href":"https:\/\/aginova.ufms.br\/en\/wp-json\/wp\/v2\/posts\/7485","targetHints":{"allow":["GET"]}}],"collection":[{"href":"https:\/\/aginova.ufms.br\/en\/wp-json\/wp\/v2\/posts"}],"about":[{"href":"https:\/\/aginova.ufms.br\/en\/wp-json\/wp\/v2\/types\/post"}],"author":[{"embeddable":true,"href":"https:\/\/aginova.ufms.br\/en\/wp-json\/wp\/v2\/users\/34827"}],"replies":[{"embeddable":true,"href":"https:\/\/aginova.ufms.br\/en\/wp-json\/wp\/v2\/comments?post=7485"}],"version-history":[{"count":2,"href":"https:\/\/aginova.ufms.br\/en\/wp-json\/wp\/v2\/posts\/7485\/revisions"}],"predecessor-version":[{"id":7504,"href":"https:\/\/aginova.ufms.br\/en\/wp-json\/wp\/v2\/posts\/7485\/revisions\/7504"}],"wp:attachment":[{"href":"https:\/\/aginova.ufms.br\/en\/wp-json\/wp\/v2\/media?parent=7485"}],"wp:term":[{"taxonomy":"category","embeddable":true,"href":"https:\/\/aginova.ufms.br\/en\/wp-json\/wp\/v2\/categories?post=7485"},{"taxonomy":"post_tag","embeddable":true,"href":"https:\/\/aginova.ufms.br\/en\/wp-json\/wp\/v2\/tags?post=7485"},{"taxonomy":"author","embeddable":true,"href":"https:\/\/aginova.ufms.br\/en\/wp-json\/wp\/v2\/coauthors?post=7485"}],"curies":[{"name":"wp","href":"https:\/\/api.w.org\/{rel}","templated":true}]}}