{"id":781,"date":"2012-09-08T17:01:12","date_gmt":"2012-09-08T21:01:12","guid":{"rendered":"http:\/\/inovacao.bellatrix.ufms.br\/?p=781"},"modified":"2022-07-22T13:51:33","modified_gmt":"2022-07-22T17:51:33","slug":"politica-nacional-de-empreendedorismo-e-negocios-pnen","status":"publish","type":"post","link":"https:\/\/aginova.ufms.br\/en\/politica-nacional-de-empreendedorismo-e-negocios-pnen\/","title":{"rendered":"Pol\u00edtica Nacional de Empreendedorismo e Neg\u00f3cios \u2013 PNEN"},"content":{"rendered":"<p><strong>Empreendedorismo e Neg\u00f3cios<\/strong><\/p>\n<p>O Governo Federal, por meio do Minist\u00e9rio do Desenvolvimento, Ind\u00fastria e Com\u00e9rcio Exterior (MDIC) e com o apoio de v\u00e1rias entidades p\u00fablicas, privadas e do terceiro setor, est\u00e1 realizando uma s\u00e9rie de iniciativas voltadas \u00e0 concep\u00e7\u00e3o e \u00e0 formula\u00e7\u00e3o de uma Pol\u00edtica Nacional de Empreendedorismo e Neg\u00f3cios \u2013 PNEN.<\/p>\n<p>Sob o marco do Plano Brasil Maior, que preconiza sinergias entre as iniciativas de apoio ao segmento empresarial brasileiro visando incentivar o investimento e elevar a produtividade e a inova\u00e7\u00e3o em uma s\u00e9rie de cadeias produtivas estrat\u00e9gicas para o desenvolvimento do Pa\u00eds, a PNEN atuar\u00e1 numa perspectiva transversal e sist\u00eamica, incorporando mecanismos de coordena\u00e7\u00e3o, harmoniza\u00e7\u00e3o e refor\u00e7o das iniciativas governamentais de promo\u00e7\u00e3o do empreendedorismo, priorizando a melhoria do ambiente de neg\u00f3cios e a facilita\u00e7\u00e3o das rela\u00e7\u00f5es empresariais no Brasil.<\/p>\n<p>Foram realizados semin\u00e1rios e oficinas de trabalho nas cidades de Bras\u00edlia, S\u00e3o Paulo, Bel\u00e9m, Goi\u00e2nia, Belo Horizonte, Porto Alegre e Salvador para a discuss\u00e3o das teses e diretrizes preliminares da Pol\u00edtica. Buscando novas sugest\u00f5es de aperfei\u00e7oamento da PNEN, est\u00e1 sendo realizada ampla consulta \u00e0 sociedade, por meio do endere\u00e7o eletr\u00f4nico\u00a0<a href=\"http:\/\/www.mdic.gov.br\/empreendedorismo\/consulta-publica\" target=\"_blank\" rel=\"noopener\">www.mdic.gov.br\/empreendedorismo\/consulta-publica<\/a>. As sugest\u00f5es poder\u00e3o ser apresentadas at\u00e9 o dia 14 de setembro de 2012.<\/p>\n","protected":false},"excerpt":{"rendered":"<p>Empreendedorismo e Neg\u00f3cios O Governo Federal, por meio do Minist\u00e9rio do Desenvolvimento, Ind\u00fastria e Com\u00e9rcio Exterior (MDIC) e com o apoio de v\u00e1rias entidades p\u00fablicas, privadas e do terceiro setor, est\u00e1 realizando uma s\u00e9rie de iniciativas voltadas \u00e0 concep\u00e7\u00e3o e \u00e0 formula\u00e7\u00e3o de uma Pol\u00edtica Nacional de Empreendedorismo e Neg\u00f3cios \u2013 PNEN. Sob o marco [&hellip;]<\/p>\n","protected":false},"author":4173,"featured_media":0,"comment_status":"closed","ping_status":"open","sticky":false,"template":"","format":"standard","meta":{"ngg_post_thumbnail":0,"footnotes":""},"categories":[203],"tags":[],"coauthors":[],"class_list":["post-781","post","type-post","status-publish","format-standard","hentry","category-noticias-empreendedorismo-inovacao"],"_links":{"self":[{"href":"https:\/\/aginova.ufms.br\/en\/wp-json\/wp\/v2\/posts\/781","targetHints":{"allow":["GET"]}}],"collection":[{"href":"https:\/\/aginova.ufms.br\/en\/wp-json\/wp\/v2\/posts"}],"about":[{"href":"https:\/\/aginova.ufms.br\/en\/wp-json\/wp\/v2\/types\/post"}],"author":[{"embeddable":true,"href":"https:\/\/aginova.ufms.br\/en\/wp-json\/wp\/v2\/users\/4173"}],"replies":[{"embeddable":true,"href":"https:\/\/aginova.ufms.br\/en\/wp-json\/wp\/v2\/comments?post=781"}],"version-history":[{"count":9,"href":"https:\/\/aginova.ufms.br\/en\/wp-json\/wp\/v2\/posts\/781\/revisions"}],"predecessor-version":[{"id":12000,"href":"https:\/\/aginova.ufms.br\/en\/wp-json\/wp\/v2\/posts\/781\/revisions\/12000"}],"wp:attachment":[{"href":"https:\/\/aginova.ufms.br\/en\/wp-json\/wp\/v2\/media?parent=781"}],"wp:term":[{"taxonomy":"category","embeddable":true,"href":"https:\/\/aginova.ufms.br\/en\/wp-json\/wp\/v2\/categories?post=781"},{"taxonomy":"post_tag","embeddable":true,"href":"https:\/\/aginova.ufms.br\/en\/wp-json\/wp\/v2\/tags?post=781"},{"taxonomy":"author","embeddable":true,"href":"https:\/\/aginova.ufms.br\/en\/wp-json\/wp\/v2\/coauthors?post=781"}],"curies":[{"name":"wp","href":"https:\/\/api.w.org\/{rel}","templated":true}]}}