{"id":789,"date":"2012-09-08T17:08:04","date_gmt":"2012-09-08T21:08:04","guid":{"rendered":"http:\/\/inovacao.bellatrix.ufms.br\/?p=789"},"modified":"2022-07-22T13:51:33","modified_gmt":"2022-07-22T17:51:33","slug":"ufms-recebe-homenagem-em-evento-da-prefeitura","status":"publish","type":"post","link":"https:\/\/aginova.ufms.br\/en\/ufms-recebe-homenagem-em-evento-da-prefeitura\/","title":{"rendered":"UFMS recebe homenagem em evento da Prefeitura"},"content":{"rendered":"<p>A Universidade Federal de Mato Grosso do Sul (UFMS) foi homenageada pela sua contribui\u00e7\u00e3o para o empreendedorismo na 4\u00aa Edi\u00e7\u00e3o da Gera\u00e7\u00e3o de Empreendedores, promovida na \u00faltima quarta-feira (4), no Armaz\u00e9m Cultural. O evento foi aberto oficialmente pelo titular da Secretaria Municipal de Desenvolvimento Econ\u00f4mico, Ci\u00eancia e Tecnologia, Turismo e do Agroneg\u00f3cio (Sedesc), Natal Baglioni Meira Barros.<\/p>\n<p>Realizamos este evento para mostrar os produtos dos empres\u00e1rios incubados e permitir, tamb\u00e9m, que eles possam manter contato com outras empresas fornecedoras da mat\u00e9ria prima. Nesse sal\u00e3o temos produtos prontos para inser\u00e7\u00e3o no mercado e ser consumido. \u00c9 pela quarta vez que promovemos este evento e cada ano s\u00e3o apresentadas novidades. Vamos continuar dando suporte para os incubados para que eles, cada vez mais, atendam \u00e0s necessidades dos consumidores, assegurou.<\/p>\n<p>A homenagem se estendeu \u00e0s universidades que atuam em Campo Grande, por cumprirem a miss\u00e3o de qualificar as pessoas interessadas em empreender. O evento contou com representantes das seguintes institui\u00e7\u00f5es: Facsul, UCDB, UFMS, Anhanguera-Uniderp, Centro Universit\u00e1rio Anhanguera, Uems, FCG, FESG Est\u00e1cio de S\u00e1, Unigran Capital e IESF Funlec. Al\u00e9m da cerim\u00f4nia de homenagens, o evento contou com desfile de moda, distribui\u00e7\u00e3o de brindes e degusta\u00e7\u00e3o de alimentos fabricados nas Incubadoras municipais da Capital. Durante o evento, o professor Jeovan Figueiredo, da UFMS, ministrou palestra intitulada Conhecimento e Empreendedorismo: a Base de Sucesso das Micro e Pequenas Empresas.<\/p>\n<p>&nbsp;<\/p>\n<p>&nbsp;<\/p>\n<p>&nbsp;<\/p>\n<p><em>Com informa\u00e7\u00f5es da Assessoria de Comunica\u00e7\u00e3o da PMCG<\/em><\/p>\n<p>&nbsp;<\/p>\n<p>Fonte: ufms.br<\/p>\n","protected":false},"excerpt":{"rendered":"<p>A Universidade Federal de Mato Grosso do Sul (UFMS) foi homenageada pela sua contribui\u00e7\u00e3o para o empreendedorismo na 4\u00aa Edi\u00e7\u00e3o da Gera\u00e7\u00e3o de Empreendedores, promovida na \u00faltima quarta-feira (4), no Armaz\u00e9m Cultural. O evento foi aberto oficialmente pelo titular da Secretaria Municipal de Desenvolvimento Econ\u00f4mico, Ci\u00eancia e Tecnologia, Turismo e do Agroneg\u00f3cio (Sedesc), Natal Baglioni [&hellip;]<\/p>\n","protected":false},"author":4173,"featured_media":0,"comment_status":"closed","ping_status":"open","sticky":false,"template":"","format":"standard","meta":{"ngg_post_thumbnail":0,"footnotes":""},"categories":[203],"tags":[],"coauthors":[],"class_list":["post-789","post","type-post","status-publish","format-standard","hentry","category-noticias-empreendedorismo-inovacao"],"_links":{"self":[{"href":"https:\/\/aginova.ufms.br\/en\/wp-json\/wp\/v2\/posts\/789","targetHints":{"allow":["GET"]}}],"collection":[{"href":"https:\/\/aginova.ufms.br\/en\/wp-json\/wp\/v2\/posts"}],"about":[{"href":"https:\/\/aginova.ufms.br\/en\/wp-json\/wp\/v2\/types\/post"}],"author":[{"embeddable":true,"href":"https:\/\/aginova.ufms.br\/en\/wp-json\/wp\/v2\/users\/4173"}],"replies":[{"embeddable":true,"href":"https:\/\/aginova.ufms.br\/en\/wp-json\/wp\/v2\/comments?post=789"}],"version-history":[{"count":2,"href":"https:\/\/aginova.ufms.br\/en\/wp-json\/wp\/v2\/posts\/789\/revisions"}],"predecessor-version":[{"id":2928,"href":"https:\/\/aginova.ufms.br\/en\/wp-json\/wp\/v2\/posts\/789\/revisions\/2928"}],"wp:attachment":[{"href":"https:\/\/aginova.ufms.br\/en\/wp-json\/wp\/v2\/media?parent=789"}],"wp:term":[{"taxonomy":"category","embeddable":true,"href":"https:\/\/aginova.ufms.br\/en\/wp-json\/wp\/v2\/categories?post=789"},{"taxonomy":"post_tag","embeddable":true,"href":"https:\/\/aginova.ufms.br\/en\/wp-json\/wp\/v2\/tags?post=789"},{"taxonomy":"author","embeddable":true,"href":"https:\/\/aginova.ufms.br\/en\/wp-json\/wp\/v2\/coauthors?post=789"}],"curies":[{"name":"wp","href":"https:\/\/api.w.org\/{rel}","templated":true}]}}