{"id":792,"date":"2012-09-24T07:50:14","date_gmt":"2012-09-24T11:50:14","guid":{"rendered":"http:\/\/inovacao.bellatrix.ufms.br\/?p=792"},"modified":"2022-07-22T13:51:33","modified_gmt":"2022-07-22T17:51:33","slug":"finep-e-bndes-lancam-programa-de-r-3-bilhoes-na-area-de-petroleo-e-gas","status":"publish","type":"post","link":"https:\/\/aginova.ufms.br\/en\/finep-e-bndes-lancam-programa-de-r-3-bilhoes-na-area-de-petroleo-e-gas\/","title":{"rendered":"FINEP e BNDES lan\u00e7am Programa de R$ 3 bilh\u00f5es na \u00e1rea de Petr\u00f3leo e G\u00e1s"},"content":{"rendered":"<p>O\u00a0<a href=\"http:\/\/download.finep.gov.br\/fundos_setoriais\/subvencao\/editais\/EditalINOVAPETRO-2012-09-03.pdf\" target=\"_blank\" rel=\"noopener\">primeiro edital<\/a>\u00a0do Programa\u00a0<a href=\"http:\/\/www.finep.gov.br\/pagina.asp?pag=26.50\" target=\"_blank\" rel=\"noopener\">Inova Petro<\/a>\u00a0acaba de ser lan\u00e7ado, durante a cerim\u00f4nia de abertura da\u00a0<a href=\"http:\/\/www.riooilegas.com.br\/\" target=\"_blank\" rel=\"noopener\">Rio Oil &amp; Gas 2012<\/a>, no Riocentro, Rio de Janeiro, pelo ministro Marco Antonio Raupp, nesta segunda-feira, 17\/9. Tamb\u00e9m estiveram presentes o presidente da FINEP, Glauco Arbix, e o diretor de Inova\u00e7\u00e3o da FINEP, Jo\u00e3o De Negri, entre outras autoridades.<\/p>\n<p>&#8216;Este evento nos enche de orgulho, em raz\u00e3o do \u00eaxito do setor de petr\u00f3leo e g\u00e1s no Brasil se dever, sobremaneira, aos investimentos feitos com vistas ao seu desenvolvimento cient\u00edfico e tecnol\u00f3gico\u201d, disse o ministro Raupp em seu pronunciamento. Ao lan\u00e7ar o edital do Inova Petro, o ministro afirmou que \u201ca iniciativa reafirma e reforma o apoio do Governo \u00e0 inova\u00e7\u00e3o, como instrumento privilegiado para o desenvolvimento econ\u00f4mico e social do Pa\u00eds\u201d.<\/p>\n<p>\u201cO tamanho da Rio Oil &amp; Gas 2012 \u00e9 uma demonstra\u00e7\u00e3o inequ\u00edvoca da for\u00e7a da ind\u00fastria brasileira de petr\u00f3leo e g\u00e1s, e do espetacular crescimento da \u00e1rea nesses 30 anos\u201d, afirmou Jo\u00e3o Carlos de Luca, presidente do Instituto Brasileiro do Petr\u00f3leo (IBP), organizadores do evento, em sua fala.<\/p>\n<p>A FINEP est\u00e1 presente com um\u00a0<a href=\"http:\/\/www.finep.gov.br\/imprensa\/noticia.asp?cod_noticia=3000\" target=\"_blank\" rel=\"noopener\">estande de 200m2,<\/a>\u00a0no pavilh\u00e3o 3, onde\u00a0<a href=\"http:\/\/download.finep.gov.br\/noticias\/empresasoilgas2012.pdf\" target=\"_blank\" rel=\"noopener\">dez empresas apoiadas pela FINEP<\/a>\u00a0est\u00e3o expondo suas inova\u00e7\u00f5es. A Rio Oil &amp; Gas vai at\u00e9 quinta, 20\/9. Veja\u00a0<a href=\"https:\/\/www.facebook.com\/media\/set\/?set=a.498511276827689.115315.242735502405269&amp;type=3\" target=\"_blank\" rel=\"noopener\">aqui\u00a0<\/a>o \u00e1lbum de fotos do evento.<br \/>\n<strong>O Inova Petro<\/strong><br \/>\nPoder\u00e3o participar do processo de sele\u00e7\u00e3o do Inova Petro empresas brasileiras e\/ou grupos econ\u00f4micos brasileiros com Receita Operacional Bruta (ROB) superior a R$ 16 milh\u00f5es, individualmente ou em parceria. Projetos de empresas com ROB inferior a esse limite s\u00e3o eleg\u00edveis somente se desenvolvidos em conjunto com outra empresa e\/ou grupo econ\u00f4mico com ROB superior a este valor.<\/p>\n<p>N\u00e3o s\u00e3o pass\u00edveis de apoio, com recursos deste Programa, projetos de tropicaliza\u00e7\u00e3o e\/ou internaliza\u00e7\u00e3o de tecnologias j\u00e1 desenvolvidas no exterior pelas matrizes e\/ou controladoras de empresas proponentes instaladas no Brasil.<\/p>\n<p>Poder\u00e1 ser concedido o apoio a projetos que impliquem em efetiva transfer\u00eancia e absor\u00e7\u00e3o de compet\u00eancia(s) e tecnologia(s). Para tanto, admite-se a contrata\u00e7\u00e3o de servi\u00e7os e compra de itens no exterior, e a realiza\u00e7\u00e3o de parcerias estrat\u00e9gicas, desde que haja justificativa e fique comprovada a plena absor\u00e7\u00e3o de tecnologia no Pa\u00eds.<br \/>\n<strong>Prazos da primeira chamada<\/strong><\/p>\n<p>&#8211; Submiss\u00e3o das cartas de manifesta\u00e7\u00e3o de interesse: 1\/11\/2012<br \/>\n&#8211; Resultado da sele\u00e7\u00e3o das empresas: 17\/12\/2012<br \/>\n&#8211; Divulga\u00e7\u00e3o do resultado da sele\u00e7\u00e3o das empresas ap\u00f3s recursos: 7\/01\/2013<br \/>\n&#8211; Apresenta\u00e7\u00e3o dos planos de neg\u00f3cios e da documenta\u00e7\u00e3o Jur\u00eddica, de cr\u00e9dito e de garantia: 8\/3\/2013<br \/>\n&#8211; Resultado da sele\u00e7\u00e3o dos planos de neg\u00f3cio: 7\/6\/2013<br \/>\n&#8211; Divulga\u00e7\u00e3o do resultado da sele\u00e7\u00e3o das empresas ap\u00f3s recursos: 28\/6\/2013<br \/>\n&#8211; Estrutura\u00e7\u00e3o dos planos de suporte conjunto: A partir de 28\/6\/2013<br \/>\nLan\u00e7ado em 13\/08, o\u00a0Inova Petro \u00e9 uma parceria da FINEP com o Banco Nacional de Desenvolvimento Econ\u00f4mico e Social (BNDES), com consultoria t\u00e9cnica da Petrobras, e vai destinar R$ 3 bilh\u00f5es para desenvolver a cadeia de fornecedores para a ind\u00fastria de petr\u00f3leo e g\u00e1s e, com isso,\u00a0aumentar o\u00a0<a href=\"http:\/\/www.prominp.com.br\/data\/pages\/8A95488830FCBB0C013123EAF5943361.htm\" target=\"_blank\" rel=\"noopener\">conte\u00fado local<\/a>\u00a0da ind\u00fastria.<\/p>\n<p>O programa tem dura\u00e7\u00e3o prevista at\u00e9 o ano de 2017, oferecendo recursos para o desenvolvimento de tecnologias relacionadas \u00e0s seguintes linhas tem\u00e1ticas: processamento de superf\u00edcie \u2013 tecnologias aplic\u00e1veis no processamento que acontece em plataformas e embarca\u00e7\u00f5es; Instala\u00e7\u00f5es submarinas \u2013 tecnologias aplic\u00e1veis aos diversos equipamentos e dutos que ficam abaixo da l\u00e2mina d\u2019\u00e1gua; Instala\u00e7\u00f5es de po\u00e7os \u2013 tecnologias aplic\u00e1veis ao po\u00e7o no fundo do mar. Veja aqui um\u00a0<a href=\"http:\/\/www.youtube.com\/watch?v=2GtnAlfgfuY\" target=\"_blank\" rel=\"noopener\">v\u00eddeo institucional<\/a>\u00a0sobre o programa.<br \/>\nVeja mais detalhes <a href=\"http:\/\/www.finep.gov.br\/pagina.asp?pag=26.50\">aqui.<\/a><\/p>\n<p>&nbsp;<\/p>\n<p>fonte: Finep.<\/p>\n","protected":false},"excerpt":{"rendered":"<p>O\u00a0primeiro edital\u00a0do Programa\u00a0Inova Petro\u00a0acaba de ser lan\u00e7ado, durante a cerim\u00f4nia de abertura da\u00a0Rio Oil &amp; Gas 2012, no Riocentro, Rio de Janeiro, pelo ministro Marco Antonio Raupp, nesta segunda-feira, 17\/9. Tamb\u00e9m estiveram presentes o presidente da FINEP, Glauco Arbix, e o diretor de Inova\u00e7\u00e3o da FINEP, Jo\u00e3o De Negri, entre outras autoridades. &#8216;Este evento nos [&hellip;]<\/p>\n","protected":false},"author":4173,"featured_media":0,"comment_status":"closed","ping_status":"open","sticky":false,"template":"","format":"standard","meta":{"ngg_post_thumbnail":0,"footnotes":""},"categories":[203],"tags":[],"coauthors":[],"class_list":["post-792","post","type-post","status-publish","format-standard","hentry","category-noticias-empreendedorismo-inovacao"],"_links":{"self":[{"href":"https:\/\/aginova.ufms.br\/en\/wp-json\/wp\/v2\/posts\/792","targetHints":{"allow":["GET"]}}],"collection":[{"href":"https:\/\/aginova.ufms.br\/en\/wp-json\/wp\/v2\/posts"}],"about":[{"href":"https:\/\/aginova.ufms.br\/en\/wp-json\/wp\/v2\/types\/post"}],"author":[{"embeddable":true,"href":"https:\/\/aginova.ufms.br\/en\/wp-json\/wp\/v2\/users\/4173"}],"replies":[{"embeddable":true,"href":"https:\/\/aginova.ufms.br\/en\/wp-json\/wp\/v2\/comments?post=792"}],"version-history":[{"count":4,"href":"https:\/\/aginova.ufms.br\/en\/wp-json\/wp\/v2\/posts\/792\/revisions"}],"predecessor-version":[{"id":11999,"href":"https:\/\/aginova.ufms.br\/en\/wp-json\/wp\/v2\/posts\/792\/revisions\/11999"}],"wp:attachment":[{"href":"https:\/\/aginova.ufms.br\/en\/wp-json\/wp\/v2\/media?parent=792"}],"wp:term":[{"taxonomy":"category","embeddable":true,"href":"https:\/\/aginova.ufms.br\/en\/wp-json\/wp\/v2\/categories?post=792"},{"taxonomy":"post_tag","embeddable":true,"href":"https:\/\/aginova.ufms.br\/en\/wp-json\/wp\/v2\/tags?post=792"},{"taxonomy":"author","embeddable":true,"href":"https:\/\/aginova.ufms.br\/en\/wp-json\/wp\/v2\/coauthors?post=792"}],"curies":[{"name":"wp","href":"https:\/\/api.w.org\/{rel}","templated":true}]}}