{"id":812,"date":"2012-10-03T09:38:47","date_gmt":"2012-10-03T13:38:47","guid":{"rendered":"http:\/\/inovacao.bellatrix.ufms.br\/?p=812"},"modified":"2022-07-22T13:51:32","modified_gmt":"2022-07-22T17:51:32","slug":"18-conaje-congresso-nacional-de-jovens-empreendedores-2012","status":"publish","type":"post","link":"https:\/\/aginova.ufms.br\/en\/18-conaje-congresso-nacional-de-jovens-empreendedores-2012\/","title":{"rendered":"18\u00b0 Conaje, Congresso Nacional de Jovens Empreendedores 2012"},"content":{"rendered":"<p>A\u00a0<a href=\"http:\/\/www.conaje.com.br\/\" target=\"_blank\" rel=\"noopener\">CONAJE<\/a>\u00a0\u2013 Confedera\u00e7\u00e3o Nacional de Jovens Empres\u00e1rios, \u00f3rg\u00e3o que representa mais de 33.000 jovens empres\u00e1rios e empreendedores, espalhados entre os 23 estados e DF, apresenta o seu principal projeto, o Congresso Nacional de Jovens Empreendedores, neste ano de 2012 em sua decima oitava edi\u00e7\u00e3o em Salvador, reunindo mais de 250 associa\u00e7\u00f5es empresariais jovens dos mais variados setores e atividades (Com\u00e9rcio, Ind\u00fastria, Agroneg\u00f3cios, CDL, OAB, CREA, CRA, etc.) de todos os cantos do Brasil.<\/p>\n<p>Este ano em particular, o 18\u00ba CONAJE ter\u00e1 um grande diferencial, pois receber\u00e1 o Encontro Nordestino de Empresas Juniores maior projeto das Federa\u00e7\u00f5es nordestinas confederadas \u00e0 Confedera\u00e7\u00e3o Brasileira de Empresas Juniores \u2013 Brasil J\u00fanior, \u00f3rg\u00e3o nacional que representa 13 estados e DF. Os realizadores deste evento, que acontecer\u00e1 de 21 a 23 de Novembro de 2012, s\u00e3o a Associa\u00e7\u00e3o dos Jovens Empreendedores da Bahia \u2013<a href=\"http:\/\/ajebahia.com.br\/\" target=\"_blank\" rel=\"noopener\">\u00a0AJE BAHIA<\/a>\u00a0e a Federa\u00e7\u00e3o das Empresas Juniores do Estado da Bahia \u2013\u00a0<a href=\"http:\/\/www.unijrba.org.br\/site\" target=\"_blank\" rel=\"noopener\">UNIJr-BA<\/a>.<\/p>\n<p>O evento, que ter\u00e1 o tema &#8220;Educa\u00e7\u00e3o para Empreender um novo Brasil&#8221;, trar\u00e1 a discuss\u00e3o da educa\u00e7\u00e3o e do empreendedorismo como solu\u00e7\u00e3o para os principais problemas do pa\u00eds, para preparar o Brasil do futuro, moderno, empreendedor, sustent\u00e1vel e competitivo. Reunir\u00e1 1500 jovens lideran\u00e7as empresariais e empreendedoras de todo o Brasil, sendo destes mais de 500 empres\u00e1rios juniores. Ser\u00e3o realizados workshops, palestras, casos de sucesso, grupos de discuss\u00f5es, pain\u00e9is e reuni\u00f5es com participa\u00e7\u00e3o de todas as entidades jovens.<\/p>\n<p>O Congresso ser\u00e1 um marco da uni\u00e3o das principais lideran\u00e7as jovens nacionais e internacionais, sendo considerado o maior e melhor evento da Semana Global de Empreendedorismo 2012. Ao final, haver\u00e1 a elabora\u00e7\u00e3o de uma carta de inten\u00e7\u00f5es com direcionamentos e propostas dos jovens l\u00edderes para o Brasil, tendo como principal enfoque a educa\u00e7\u00e3o.<\/p>\n<p>Uma excelente oportunidade de fortalecer a parceria entre o Movimento de Jovens Empreendedores e o Movimento Empresa J\u00fanior e se aproximar de jovens l\u00edderes empresariais, potenciais clientes e parceiros. A Bahia espera por voc\u00ea para o maior evento de empreendedorismo do pa\u00eds!<\/p>\n","protected":false},"excerpt":{"rendered":"<p>A\u00a0CONAJE\u00a0\u2013 Confedera\u00e7\u00e3o Nacional de Jovens Empres\u00e1rios, \u00f3rg\u00e3o que representa mais de 33.000 jovens empres\u00e1rios e empreendedores, espalhados entre os 23 estados e DF, apresenta o seu principal projeto, o Congresso Nacional de Jovens Empreendedores, neste ano de 2012 em sua decima oitava edi\u00e7\u00e3o em Salvador, reunindo mais de 250 associa\u00e7\u00f5es empresariais jovens dos mais variados [&hellip;]<\/p>\n","protected":false},"author":4173,"featured_media":0,"comment_status":"closed","ping_status":"open","sticky":false,"template":"","format":"standard","meta":{"ngg_post_thumbnail":0,"footnotes":""},"categories":[203],"tags":[],"coauthors":[],"class_list":["post-812","post","type-post","status-publish","format-standard","hentry","category-noticias-empreendedorismo-inovacao"],"_links":{"self":[{"href":"https:\/\/aginova.ufms.br\/en\/wp-json\/wp\/v2\/posts\/812","targetHints":{"allow":["GET"]}}],"collection":[{"href":"https:\/\/aginova.ufms.br\/en\/wp-json\/wp\/v2\/posts"}],"about":[{"href":"https:\/\/aginova.ufms.br\/en\/wp-json\/wp\/v2\/types\/post"}],"author":[{"embeddable":true,"href":"https:\/\/aginova.ufms.br\/en\/wp-json\/wp\/v2\/users\/4173"}],"replies":[{"embeddable":true,"href":"https:\/\/aginova.ufms.br\/en\/wp-json\/wp\/v2\/comments?post=812"}],"version-history":[{"count":3,"href":"https:\/\/aginova.ufms.br\/en\/wp-json\/wp\/v2\/posts\/812\/revisions"}],"predecessor-version":[{"id":11997,"href":"https:\/\/aginova.ufms.br\/en\/wp-json\/wp\/v2\/posts\/812\/revisions\/11997"}],"wp:attachment":[{"href":"https:\/\/aginova.ufms.br\/en\/wp-json\/wp\/v2\/media?parent=812"}],"wp:term":[{"taxonomy":"category","embeddable":true,"href":"https:\/\/aginova.ufms.br\/en\/wp-json\/wp\/v2\/categories?post=812"},{"taxonomy":"post_tag","embeddable":true,"href":"https:\/\/aginova.ufms.br\/en\/wp-json\/wp\/v2\/tags?post=812"},{"taxonomy":"author","embeddable":true,"href":"https:\/\/aginova.ufms.br\/en\/wp-json\/wp\/v2\/coauthors?post=812"}],"curies":[{"name":"wp","href":"https:\/\/api.w.org\/{rel}","templated":true}]}}