{"id":816,"date":"2012-10-03T09:41:15","date_gmt":"2012-10-03T13:41:15","guid":{"rendered":"http:\/\/inovacao.bellatrix.ufms.br\/?p=816"},"modified":"2022-07-22T13:51:32","modified_gmt":"2022-07-22T17:51:32","slug":"desenvolve-sp-e-finep-divulgam-edital-do-fundo-de-inovacao-paulista","status":"publish","type":"post","link":"https:\/\/aginova.ufms.br\/en\/desenvolve-sp-e-finep-divulgam-edital-do-fundo-de-inovacao-paulista\/","title":{"rendered":"Desenvolve SP e FINEP divulgam edital do Fundo de Inova\u00e7\u00e3o Paulista"},"content":{"rendered":"<p><img fetchpriority=\"high\" decoding=\"async\" class=\"aligncenter size-medium wp-image-817 ml-lightbox-enabled\" src=\"http:\/\/inovacao.bellatrix.ufms.br\/files\/2012\/10\/desenvolvesp-300x189.jpg\" alt=\"\" width=\"300\" height=\"189\" srcset=\"https:\/\/aginova.ufms.br\/files\/2012\/10\/desenvolvesp-300x189.jpg 300w, https:\/\/aginova.ufms.br\/files\/2012\/10\/desenvolvesp-80x50.jpg 80w, https:\/\/aginova.ufms.br\/files\/2012\/10\/desenvolvesp.jpg 412w\" sizes=\"(max-width: 300px) 100vw, 300px\" \/><\/p>\n<p>A\u00a0<a href=\"http:\/\/www.agenciadefomentopaulista.com.br\/\" target=\"_blank\" rel=\"noopener\">Desenvolve SP<\/a>\u00a0e a FINEP, com o apoio da FAPESP &#8211; Funda\u00e7\u00e3o de Amparo \u00e0 Pesquisa do Estado de S\u00e3o Paulo, Sebrae-SP &#8211; Servi\u00e7o de Apoio \u00e0s Micro e Pequenas Empresas de S\u00e3o Paulo, e da CAF &#8211; Corporaci\u00f3n Andina de Fomento, convida os Gestores de Fundos de Investimento em empresas nascentes inovadoras, para apresentar a investidores propostas para capitaliza\u00e7\u00e3o de fundo no Estado de S\u00e3o Paulo. Acesse\u00a0<a href=\"http:\/\/www.agenciadefomentopaulista.com.br\/a2sitebox\/uploads\/files\/chamadafundoinovacaok.pdf\" target=\"_blank\" rel=\"noopener\">aqui<\/a>\u00a0a chamada p\u00fablica.<\/p>\n<p>Denominado Fundo de Inova\u00e7\u00e3o Paulista, ele ter\u00e1 por foco empresas nascentes inovadoras, de qualquer setor da economia, preferencialmente dos segmentos de Biotecnologia, Novos Materiais, Fot\u00f4nica, Nanotecnologia, Tecnologia de Informa\u00e7\u00e3o e Comunica\u00e7\u00e3o e Agroneg\u00f3cios, instaladas ou com previs\u00e3o de instala\u00e7\u00e3o no estado de S\u00e3o Paulo.<\/p>\n<p>O fundo dever\u00e1 ter um patrim\u00f4nio m\u00ednimo de R$ 60 milh\u00f5es, com alvo de R$ 100 milh\u00f5es. No m\u00ednimo 80% do capital ser\u00e1 destinado a empresas inovadoras com faturamento bruto de at\u00e9 R$ 3,6 milh\u00f5es\/ano no ano anterior ao investimento. J\u00e1 as empresas inovadoras com faturamento bruto de at\u00e9 R$ 18 milh\u00f5es\/ano receber\u00e3o, no m\u00e1ximo, 20% do capital a ser investido.<\/p>\n<p>A composi\u00e7\u00e3o do patrim\u00f4nio do fundo ser\u00e1 a seguinte: investidores privados \u2013 no m\u00ednimo 20%; DESENVOLVE SP \u2013 at\u00e9 25% (vinte e cinco por cento), limitado a R$ 25 milh\u00f5es; FINEP \u2013 at\u00e9 20% (vinte por cento), limitado a R$ 20 milh\u00f5es;<\/p>\n<p>A Desenvolve SP \u00e9 parceira do Inovar desde 2011, tendo realizado, no ano passado, seu primeiro aporte em um Fundo de Investimento, o Burrill Brasil I, que tem a FINEP tamb\u00e9m entre seus cotistas.<\/p>\n<div><\/div>\n<div>Fonte:\u00a0<a href=\"http:\/\/www.finep.gov.br\/\">http:\/\/www.finep.gov.br<\/a><\/div>\n","protected":false},"excerpt":{"rendered":"<p>A\u00a0Desenvolve SP\u00a0e a FINEP, com o apoio da FAPESP &#8211; Funda\u00e7\u00e3o de Amparo \u00e0 Pesquisa do Estado de S\u00e3o Paulo, Sebrae-SP &#8211; Servi\u00e7o de Apoio \u00e0s Micro e Pequenas Empresas de S\u00e3o Paulo, e da CAF &#8211; Corporaci\u00f3n Andina de Fomento, convida os Gestores de Fundos de Investimento em empresas nascentes inovadoras, para apresentar a [&hellip;]<\/p>\n","protected":false},"author":4173,"featured_media":0,"comment_status":"closed","ping_status":"open","sticky":false,"template":"","format":"standard","meta":{"ngg_post_thumbnail":0,"footnotes":""},"categories":[203],"tags":[],"coauthors":[],"class_list":["post-816","post","type-post","status-publish","format-standard","hentry","category-noticias-empreendedorismo-inovacao"],"_links":{"self":[{"href":"https:\/\/aginova.ufms.br\/en\/wp-json\/wp\/v2\/posts\/816","targetHints":{"allow":["GET"]}}],"collection":[{"href":"https:\/\/aginova.ufms.br\/en\/wp-json\/wp\/v2\/posts"}],"about":[{"href":"https:\/\/aginova.ufms.br\/en\/wp-json\/wp\/v2\/types\/post"}],"author":[{"embeddable":true,"href":"https:\/\/aginova.ufms.br\/en\/wp-json\/wp\/v2\/users\/4173"}],"replies":[{"embeddable":true,"href":"https:\/\/aginova.ufms.br\/en\/wp-json\/wp\/v2\/comments?post=816"}],"version-history":[{"count":6,"href":"https:\/\/aginova.ufms.br\/en\/wp-json\/wp\/v2\/posts\/816\/revisions"}],"predecessor-version":[{"id":11996,"href":"https:\/\/aginova.ufms.br\/en\/wp-json\/wp\/v2\/posts\/816\/revisions\/11996"}],"wp:attachment":[{"href":"https:\/\/aginova.ufms.br\/en\/wp-json\/wp\/v2\/media?parent=816"}],"wp:term":[{"taxonomy":"category","embeddable":true,"href":"https:\/\/aginova.ufms.br\/en\/wp-json\/wp\/v2\/categories?post=816"},{"taxonomy":"post_tag","embeddable":true,"href":"https:\/\/aginova.ufms.br\/en\/wp-json\/wp\/v2\/tags?post=816"},{"taxonomy":"author","embeddable":true,"href":"https:\/\/aginova.ufms.br\/en\/wp-json\/wp\/v2\/coauthors?post=816"}],"curies":[{"name":"wp","href":"https:\/\/api.w.org\/{rel}","templated":true}]}}