{"id":8208,"date":"2019-12-11T13:51:49","date_gmt":"2019-12-11T17:51:49","guid":{"rendered":"https:\/\/aginova.ufms.br\/?p=8208"},"modified":"2025-05-28T15:25:33","modified_gmt":"2025-05-28T19:25:33","slug":"confira-a-republicacao-do-edital-de-divulgacao-dos-candidatos-selecionados-para-o-emi-edicao-fevereiro-2020","status":"publish","type":"post","link":"https:\/\/aginova.ufms.br\/en\/confira-a-republicacao-do-edital-de-divulgacao-dos-candidatos-selecionados-para-o-emi-edicao-fevereiro-2020\/","title":{"rendered":"(Portugu\u00eas do Brasil) Republicado o Edital de Divulga\u00e7\u00e3o dos Candidatos Selecionados para o EMI &#8211; Edi\u00e7\u00e3o Fevereiro\/2020 &#8211; confira"},"content":{"rendered":"<p class=\"qtranxs-available-languages-message qtranxs-available-languages-message-en\">Sorry, this entry is only available in <a href=\"https:\/\/aginova.ufms.br\/pb\/wp-json\/wp\/v2\/posts\/8208\" class=\"qtranxs-available-language-link qtranxs-available-language-link-pb\" title=\"Portugu\u00eas do Brasil\">Portugu\u00eas do Brasil<\/a>.<\/p>","protected":false},"excerpt":{"rendered":"<p>Sorry, this entry is only available in Portugu\u00eas do Brasil.<\/p>\n","protected":false},"author":4173,"featured_media":0,"comment_status":"closed","ping_status":"closed","sticky":false,"template":"","format":"standard","meta":{"ngg_post_thumbnail":0,"footnotes":""},"categories":[84],"tags":[],"coauthors":[],"class_list":["post-8208","post","type-post","status-publish","format-standard","hentry","category-relacoes-internacionais"],"_links":{"self":[{"href":"https:\/\/aginova.ufms.br\/en\/wp-json\/wp\/v2\/posts\/8208","targetHints":{"allow":["GET"]}}],"collection":[{"href":"https:\/\/aginova.ufms.br\/en\/wp-json\/wp\/v2\/posts"}],"about":[{"href":"https:\/\/aginova.ufms.br\/en\/wp-json\/wp\/v2\/types\/post"}],"author":[{"embeddable":true,"href":"https:\/\/aginova.ufms.br\/en\/wp-json\/wp\/v2\/users\/4173"}],"replies":[{"embeddable":true,"href":"https:\/\/aginova.ufms.br\/en\/wp-json\/wp\/v2\/comments?post=8208"}],"version-history":[{"count":3,"href":"https:\/\/aginova.ufms.br\/en\/wp-json\/wp\/v2\/posts\/8208\/revisions"}],"predecessor-version":[{"id":8218,"href":"https:\/\/aginova.ufms.br\/en\/wp-json\/wp\/v2\/posts\/8208\/revisions\/8218"}],"wp:attachment":[{"href":"https:\/\/aginova.ufms.br\/en\/wp-json\/wp\/v2\/media?parent=8208"}],"wp:term":[{"taxonomy":"category","embeddable":true,"href":"https:\/\/aginova.ufms.br\/en\/wp-json\/wp\/v2\/categories?post=8208"},{"taxonomy":"post_tag","embeddable":true,"href":"https:\/\/aginova.ufms.br\/en\/wp-json\/wp\/v2\/tags?post=8208"},{"taxonomy":"author","embeddable":true,"href":"https:\/\/aginova.ufms.br\/en\/wp-json\/wp\/v2\/coauthors?post=8208"}],"curies":[{"name":"wp","href":"https:\/\/api.w.org\/{rel}","templated":true}]}}