{"id":8690,"date":"2020-04-23T18:13:26","date_gmt":"2020-04-23T22:13:26","guid":{"rendered":"https:\/\/aginova.ufms.br\/?p=8690"},"modified":"2025-05-28T15:24:57","modified_gmt":"2025-05-28T19:24:57","slug":"mobilidade-academica-internacional-ufms-e-u-porto-candidatura-do-ano-academico-2020-2021","status":"publish","type":"post","link":"https:\/\/aginova.ufms.br\/en\/mobilidade-academica-internacional-ufms-e-u-porto-candidatura-do-ano-academico-2020-2021\/","title":{"rendered":"(Portugu\u00eas do Brasil) Lan\u00e7amento do edital de divulga\u00e7\u00e3o da Mobilidade Acad\u00eamica Internacional UFMS e U.Porto \u2013  Ano Acad\u00eamico 2020\/2021"},"content":{"rendered":"<p class=\"qtranxs-available-languages-message qtranxs-available-languages-message-en\">Sorry, this entry is only available in <a href=\"https:\/\/aginova.ufms.br\/pb\/wp-json\/wp\/v2\/posts\/8690\" class=\"qtranxs-available-language-link qtranxs-available-language-link-pb\" title=\"Portugu\u00eas do Brasil\">Portugu\u00eas do Brasil<\/a>.<\/p>","protected":false},"excerpt":{"rendered":"<p>Sorry, this entry is only available in Portugu\u00eas do Brasil.<\/p>\n","protected":false},"author":423,"featured_media":0,"comment_status":"closed","ping_status":"closed","sticky":false,"template":"","format":"standard","meta":{"ngg_post_thumbnail":0,"footnotes":""},"categories":[84],"tags":[],"coauthors":[],"class_list":["post-8690","post","type-post","status-publish","format-standard","hentry","category-relacoes-internacionais"],"_links":{"self":[{"href":"https:\/\/aginova.ufms.br\/en\/wp-json\/wp\/v2\/posts\/8690","targetHints":{"allow":["GET"]}}],"collection":[{"href":"https:\/\/aginova.ufms.br\/en\/wp-json\/wp\/v2\/posts"}],"about":[{"href":"https:\/\/aginova.ufms.br\/en\/wp-json\/wp\/v2\/types\/post"}],"author":[{"embeddable":true,"href":"https:\/\/aginova.ufms.br\/en\/wp-json\/wp\/v2\/users\/423"}],"replies":[{"embeddable":true,"href":"https:\/\/aginova.ufms.br\/en\/wp-json\/wp\/v2\/comments?post=8690"}],"version-history":[{"count":7,"href":"https:\/\/aginova.ufms.br\/en\/wp-json\/wp\/v2\/posts\/8690\/revisions"}],"predecessor-version":[{"id":8723,"href":"https:\/\/aginova.ufms.br\/en\/wp-json\/wp\/v2\/posts\/8690\/revisions\/8723"}],"wp:attachment":[{"href":"https:\/\/aginova.ufms.br\/en\/wp-json\/wp\/v2\/media?parent=8690"}],"wp:term":[{"taxonomy":"category","embeddable":true,"href":"https:\/\/aginova.ufms.br\/en\/wp-json\/wp\/v2\/categories?post=8690"},{"taxonomy":"post_tag","embeddable":true,"href":"https:\/\/aginova.ufms.br\/en\/wp-json\/wp\/v2\/tags?post=8690"},{"taxonomy":"author","embeddable":true,"href":"https:\/\/aginova.ufms.br\/en\/wp-json\/wp\/v2\/coauthors?post=8690"}],"curies":[{"name":"wp","href":"https:\/\/api.w.org\/{rel}","templated":true}]}}