{"id":8996,"date":"2020-08-19T16:37:09","date_gmt":"2020-08-19T20:37:09","guid":{"rendered":"https:\/\/aginova.ufms.br\/?p=8996"},"modified":"2025-05-28T15:24:40","modified_gmt":"2025-05-28T19:24:40","slug":"a-universidade-afro-americana-da-africa-central-abre-concurso-para-profissionais-do-mundo-todo-integrarem-no-corpo-docente-da-instituicao","status":"publish","type":"post","link":"https:\/\/aginova.ufms.br\/en\/a-universidade-afro-americana-da-africa-central-abre-concurso-para-profissionais-do-mundo-todo-integrarem-no-corpo-docente-da-instituicao\/","title":{"rendered":"(Portugu\u00eas do Brasil) A Universidade Afro-americana da \u00c1frica Central abre concurso para profissionais do mundo todo integrarem no corpo docente da institui\u00e7\u00e3o"},"content":{"rendered":"<p class=\"qtranxs-available-languages-message qtranxs-available-languages-message-en\">Sorry, this entry is only available in <a href=\"https:\/\/aginova.ufms.br\/pb\/wp-json\/wp\/v2\/posts\/8996\" class=\"qtranxs-available-language-link qtranxs-available-language-link-pb\" title=\"Portugu\u00eas do Brasil\">Portugu\u00eas do Brasil<\/a>.<\/p>","protected":false},"excerpt":{"rendered":"<p>Sorry, this entry is only available in Portugu\u00eas do Brasil.<\/p>\n","protected":false},"author":35789,"featured_media":0,"comment_status":"closed","ping_status":"closed","sticky":false,"template":"","format":"standard","meta":{"ngg_post_thumbnail":0,"footnotes":""},"categories":[84],"tags":[],"coauthors":[],"class_list":["post-8996","post","type-post","status-publish","format-standard","hentry","category-relacoes-internacionais"],"_links":{"self":[{"href":"https:\/\/aginova.ufms.br\/en\/wp-json\/wp\/v2\/posts\/8996","targetHints":{"allow":["GET"]}}],"collection":[{"href":"https:\/\/aginova.ufms.br\/en\/wp-json\/wp\/v2\/posts"}],"about":[{"href":"https:\/\/aginova.ufms.br\/en\/wp-json\/wp\/v2\/types\/post"}],"author":[{"embeddable":true,"href":"https:\/\/aginova.ufms.br\/en\/wp-json\/wp\/v2\/users\/35789"}],"replies":[{"embeddable":true,"href":"https:\/\/aginova.ufms.br\/en\/wp-json\/wp\/v2\/comments?post=8996"}],"version-history":[{"count":2,"href":"https:\/\/aginova.ufms.br\/en\/wp-json\/wp\/v2\/posts\/8996\/revisions"}],"predecessor-version":[{"id":9005,"href":"https:\/\/aginova.ufms.br\/en\/wp-json\/wp\/v2\/posts\/8996\/revisions\/9005"}],"wp:attachment":[{"href":"https:\/\/aginova.ufms.br\/en\/wp-json\/wp\/v2\/media?parent=8996"}],"wp:term":[{"taxonomy":"category","embeddable":true,"href":"https:\/\/aginova.ufms.br\/en\/wp-json\/wp\/v2\/categories?post=8996"},{"taxonomy":"post_tag","embeddable":true,"href":"https:\/\/aginova.ufms.br\/en\/wp-json\/wp\/v2\/tags?post=8996"},{"taxonomy":"author","embeddable":true,"href":"https:\/\/aginova.ufms.br\/en\/wp-json\/wp\/v2\/coauthors?post=8996"}],"curies":[{"name":"wp","href":"https:\/\/api.w.org\/{rel}","templated":true}]}}