{"id":928,"date":"2013-02-20T22:41:06","date_gmt":"2013-02-21T02:41:06","guid":{"rendered":"http:\/\/inovacao.bellatrix.ufms.br\/?p=928"},"modified":"2022-07-22T13:51:31","modified_gmt":"2022-07-22T17:51:31","slug":"embrapii-deve-nascer-com-ate-r-800-milhoes","status":"publish","type":"post","link":"https:\/\/aginova.ufms.br\/en\/embrapii-deve-nascer-com-ate-r-800-milhoes\/","title":{"rendered":"Embrapii deve nascer com at\u00e9 R$ 800 milh\u00f5es"},"content":{"rendered":"<p>O governo pretende anunciar no pr\u00f3ximo dia 1\u00ba de mar\u00e7o a cria\u00e7\u00e3o da Empresa Brasileira de Pesquisa e Inova\u00e7\u00e3o Industrial (Embrapii) com capital de at\u00e9 R$ 800 milh\u00f5es.<\/p>\n<p><!--more-->Apelidada de \u201cEmbrapa da Ind\u00fastria\u201d, a nova empresa estatal, que nascer\u00e1 com a miss\u00e3o de fomentar a pesquisa e o desenvolvimento tecnol\u00f3gico nas ind\u00fastrias,\u00a0teve as linhas gerais do seu modelo institucional definidas no in\u00edcio de fevereiro, no Pal\u00e1cio do Planalto, em reuni\u00e3o do Conselho Nacional de Ci\u00eancia e Tecnologia (CCT), comandada pela presidente Dilma Rousseff.<\/p>\n<p>Os ministros da Ci\u00eancia, Tecnologia e Inova\u00e7\u00e3o (MCTI), Marco Antonio Raupp, e da Educa\u00e7\u00e3o, Aloizio Mercadante, ficar\u00e3o respons\u00e1veis por apresentar o desenho final da companhia em reuni\u00e3o da Mobiliza\u00e7\u00e3o Empresarial pela Inova\u00e7\u00e3o (MEI) \u2013 grupo organizado pela Confedera\u00e7\u00e3o Nacional da Ind\u00fastria (CNI). Eles ter\u00e3o a miss\u00e3o de detalhar o projeto de cria\u00e7\u00e3o da nova estatal que atuar\u00e1 ligada a seis cadeias produtivas.<\/p>\n<p>A Embrapii dever\u00e1 nascer com um capital de at\u00e9 R$ 800 milh\u00f5es que ser\u00e1 financiado pelo MCTI, via Fundo Nacional de Desenvolvimento Cient\u00edfico e Tecnol\u00f3gico (FNDCT), entidades empresariais e institutos cient\u00edficos de tecnologia. Cada fonte contribuir\u00e1 com um ter\u00e7o do total dos recursos.<\/p>\n<p>O modelo institucional da Embrapii prev\u00ea suporte a projetos voltados para o avan\u00e7o da inova\u00e7\u00e3o nas empresas e a projetos de refor\u00e7o dos laborat\u00f3rios multiusu\u00e1rios que, embora localizados em universidades e institutos de pesquisa, poder\u00e3o ser usados tanto para fins de desenvolvimento industrial como para as pesquisas acad\u00eamicas.<\/p>\n<p>Al\u00e9m disso, a estatal tamb\u00e9m dar\u00e1 suporte \u00e0s redes de institutos tecnol\u00f3gicos. Em paralelo \u00e0 cria\u00e7\u00e3o da Embrapii, o governo tamb\u00e9m anunciou que ir\u00e1 destinar um \u201cmontante alto\u201d de recursos para financiar investimento das empresas em inova\u00e7\u00e3o. Os valores ainda n\u00e3o est\u00e3o definidos, mas podem chegar a R$ 30 bilh\u00f5es.<\/p>\n<p>A ideia \u00e9 abrir linhas de cr\u00e9ditos especiais para bancar as iniciativas inovadoras. As a\u00e7\u00f5es do governo come\u00e7aram com o an\u00fancio da abertura de uma nova linha de cr\u00e9dito de R$ 420 milh\u00f5es para melhorar a infraestrutura de equipamentos e dos laborat\u00f3rios das universidades federais e estaduais.<\/p>\n<p>Os recursos ser\u00e3o geridos pela Financiadora de Estudos e Projetos (Finep), atrav\u00e9s do Programa de Infraestrutura (Proinfra). Al\u00e9m disso, o Centro Nacional de Desenvolvimento Cient\u00edfico e Tecnol\u00f3gico (CNPq) tamb\u00e9m abrir\u00e1 um edital de R$ 150 milh\u00f5es para universidades.<\/p>\n<p>Segundo fontes, o pacote de financiamento para investimento em inova\u00e7\u00f5es ainda passa por acertos finais pelo Minist\u00e9rio da Fazenda e podem ser anunciados somente depois da cria\u00e7\u00e3o da Embrapii.<\/p>\n<p>A quest\u00e3o \u00e9 que o modelo institucional da nova empresa j\u00e1 est\u00e1 praticamente resolvido e o financiamento ainda precisa de mais detalhes para ser conclu\u00eddo.<\/p>\n<p>(Fonte: <a href=\"http:\/\/www.anpei.org.br\/imprensa\/noticias\/%E2%80%9Cembrapa-da-industria%E2%80%9D-inicia-com-capital-de-ate-r-800-milhoes\/\" target=\"_blank\" rel=\"noopener\">ANPEI<\/a>)<\/p>\n","protected":false},"excerpt":{"rendered":"<p>O governo pretende anunciar no pr\u00f3ximo dia 1\u00ba de mar\u00e7o a cria\u00e7\u00e3o da Empresa Brasileira de Pesquisa e Inova\u00e7\u00e3o Industrial (Embrapii) com capital de at\u00e9 R$ 800 milh\u00f5es.<\/p>\n","protected":false},"author":4173,"featured_media":0,"comment_status":"closed","ping_status":"open","sticky":false,"template":"","format":"standard","meta":{"ngg_post_thumbnail":0,"footnotes":""},"categories":[203],"tags":[29,30,6],"coauthors":[],"class_list":["post-928","post","type-post","status-publish","format-standard","hentry","category-noticias-empreendedorismo-inovacao","tag-embrapii","tag-empresa","tag-inovacao"],"_links":{"self":[{"href":"https:\/\/aginova.ufms.br\/en\/wp-json\/wp\/v2\/posts\/928","targetHints":{"allow":["GET"]}}],"collection":[{"href":"https:\/\/aginova.ufms.br\/en\/wp-json\/wp\/v2\/posts"}],"about":[{"href":"https:\/\/aginova.ufms.br\/en\/wp-json\/wp\/v2\/types\/post"}],"author":[{"embeddable":true,"href":"https:\/\/aginova.ufms.br\/en\/wp-json\/wp\/v2\/users\/4173"}],"replies":[{"embeddable":true,"href":"https:\/\/aginova.ufms.br\/en\/wp-json\/wp\/v2\/comments?post=928"}],"version-history":[{"count":7,"href":"https:\/\/aginova.ufms.br\/en\/wp-json\/wp\/v2\/posts\/928\/revisions"}],"predecessor-version":[{"id":11992,"href":"https:\/\/aginova.ufms.br\/en\/wp-json\/wp\/v2\/posts\/928\/revisions\/11992"}],"wp:attachment":[{"href":"https:\/\/aginova.ufms.br\/en\/wp-json\/wp\/v2\/media?parent=928"}],"wp:term":[{"taxonomy":"category","embeddable":true,"href":"https:\/\/aginova.ufms.br\/en\/wp-json\/wp\/v2\/categories?post=928"},{"taxonomy":"post_tag","embeddable":true,"href":"https:\/\/aginova.ufms.br\/en\/wp-json\/wp\/v2\/tags?post=928"},{"taxonomy":"author","embeddable":true,"href":"https:\/\/aginova.ufms.br\/en\/wp-json\/wp\/v2\/coauthors?post=928"}],"curies":[{"name":"wp","href":"https:\/\/api.w.org\/{rel}","templated":true}]}}