{"id":949,"date":"2013-02-20T22:57:29","date_gmt":"2013-02-21T02:57:29","guid":{"rendered":"http:\/\/inovacao.bellatrix.ufms.br\/?p=949"},"modified":"2022-07-22T13:51:31","modified_gmt":"2022-07-22T17:51:31","slug":"brasil-vai-produzir-primeiro-biologico-100-nacional-2","status":"publish","type":"post","link":"https:\/\/aginova.ufms.br\/en\/brasil-vai-produzir-primeiro-biologico-100-nacional-2\/","title":{"rendered":"Brasil vai produzir primeiro biol\u00f3gico 100% nacional"},"content":{"rendered":"<p>Pela primeira vez, a Ag\u00eancia Nacional de Vigil\u00e2ncia Sanit\u00e1ria (Anvisa) concedeu registro para o desenvolvimento de um medicamento biol\u00f3gico em territ\u00f3rio brasileiro.<\/p>\n<p><!--more-->O Etanercepte, cujo nome comercial \u00e9 Reumatocept, que trata de artrite reumatoide e outras doen\u00e7as cr\u00f4nicas que afetam as articula\u00e7\u00f5es, ser\u00e1 desenvolvido pela BioNovis (que congrega Hypermarcas, Ach\u00e9, Uni\u00e3o Qu\u00edmica e EMS) em parceria com os laborat\u00f3rios p\u00fablicos Instituto Vital Brasil e Biomanguinhos\/Fiocruz. A parceria para o desenvolvimento do produto foi articulada pelo Minist\u00e9rio da Sa\u00fade em 2012.<\/p>\n<p>O medicamento 100% nacional, em cinco anos, dever\u00e1 custar 50% menos que o importado, gerando economia de R$ 726 milh\u00f5es ao Minist\u00e9rio da Sa\u00fade no per\u00edodo. A previs\u00e3o \u00e9 que o medicamento esteja pronto para comercializa\u00e7\u00e3o em 2016. \u201cEste \u00e9 um grande passo no caminho da autonomia da ind\u00fastria brasileira no campo da sa\u00fade. Ao conquistar a independ\u00eancia dos produtos importados, o Brasil reduz seus custos e pode ampliar o acesso da popula\u00e7\u00e3o a um roll cada vez maior de medicamentos\u201d, afirma o secret\u00e1rio de Ci\u00eancia, Tecnologia e Inova\u00e7\u00e3o (SCTIE), Carlos Gadelha.<\/p>\n<p>O Etanercept importado \u00e9 ofertado no Sistema \u00danico de Sa\u00fade (SUS) desde 2006, nas apresenta\u00e7\u00f5es de 25 mg e de 50 mg, a 16.431 pacientes. S\u00f3 em 2012, o Minist\u00e9rio da Sa\u00fade gastou R$ 364 milh\u00f5es na compra para suprir a demanda. Com o registro da Anvisa, os laborat\u00f3rios t\u00eam autoriza\u00e7\u00e3o para construir no Brasil uma f\u00e1brica para come\u00e7ar os ensaios cl\u00ednicos com o medicamento. Para a comercializa\u00e7\u00e3o do produto, a Anvisa deve conceder um segundo registro.<\/p>\n<p><em>Produ\u00e7\u00e3o nacional<\/em><\/p>\n<p>Atualmente, est\u00e3o em vigor no Pa\u00eds 55 Parcerias de Desenvolvimento Produtivo (PDP) de 47 medicamentos, cinco vacinas, um contraceptivo, um teste r\u00e1pido e uma pesquisa. A partir destas parcerias \u2013 que envolvem 15 laborat\u00f3rios p\u00fablicos e 35 privados \u2013 a expectativa \u00e9 que o Minist\u00e9rio da Sa\u00fade obtenha uma economia de aproximadamente R$ 940 milh\u00f5es por ano. Est\u00e3o contemplados, nestas PDPs, 21 grupos terap\u00eauticos de medicamentos: antiasm\u00e1ticos, antiparkinsonianos, antipsic\u00f3ticos, antirretrovirais, biol\u00f3gicos, dist\u00farbios hormonais, hemoderivado, imunobiol\u00f3gicos, imunoestimulantes, imunossupressores, e oncol\u00f3gicos.<\/p>\n<p>(Fonte:\u00a0<a href=\"http:\/\/site.protec.org.br\/farmacos_detalhe.php?id=23544&amp;Brasil%20vai%20produzir%20primeiro%20biol%F3gico%20100%%20nacional\" target=\"_blank\" rel=\"noopener\">PROTEC<\/a>)<\/p>\n","protected":false},"excerpt":{"rendered":"<p>Pela primeira vez, a Ag\u00eancia Nacional de Vigil\u00e2ncia Sanit\u00e1ria (Anvisa) concedeu registro para o desenvolvimento de um medicamento biol\u00f3gico em territ\u00f3rio brasileiro.<\/p>\n","protected":false},"author":4173,"featured_media":0,"comment_status":"closed","ping_status":"open","sticky":false,"template":"","format":"standard","meta":{"ngg_post_thumbnail":0,"footnotes":""},"categories":[203],"tags":[26,25],"coauthors":[],"class_list":["post-949","post","type-post","status-publish","format-standard","hentry","category-noticias-empreendedorismo-inovacao","tag-biotecnologia","tag-inovacao-tecnologica"],"_links":{"self":[{"href":"https:\/\/aginova.ufms.br\/en\/wp-json\/wp\/v2\/posts\/949","targetHints":{"allow":["GET"]}}],"collection":[{"href":"https:\/\/aginova.ufms.br\/en\/wp-json\/wp\/v2\/posts"}],"about":[{"href":"https:\/\/aginova.ufms.br\/en\/wp-json\/wp\/v2\/types\/post"}],"author":[{"embeddable":true,"href":"https:\/\/aginova.ufms.br\/en\/wp-json\/wp\/v2\/users\/4173"}],"replies":[{"embeddable":true,"href":"https:\/\/aginova.ufms.br\/en\/wp-json\/wp\/v2\/comments?post=949"}],"version-history":[{"count":4,"href":"https:\/\/aginova.ufms.br\/en\/wp-json\/wp\/v2\/posts\/949\/revisions"}],"predecessor-version":[{"id":11991,"href":"https:\/\/aginova.ufms.br\/en\/wp-json\/wp\/v2\/posts\/949\/revisions\/11991"}],"wp:attachment":[{"href":"https:\/\/aginova.ufms.br\/en\/wp-json\/wp\/v2\/media?parent=949"}],"wp:term":[{"taxonomy":"category","embeddable":true,"href":"https:\/\/aginova.ufms.br\/en\/wp-json\/wp\/v2\/categories?post=949"},{"taxonomy":"post_tag","embeddable":true,"href":"https:\/\/aginova.ufms.br\/en\/wp-json\/wp\/v2\/tags?post=949"},{"taxonomy":"author","embeddable":true,"href":"https:\/\/aginova.ufms.br\/en\/wp-json\/wp\/v2\/coauthors?post=949"}],"curies":[{"name":"wp","href":"https:\/\/api.w.org\/{rel}","templated":true}]}}