{"id":953,"date":"2013-03-01T10:30:36","date_gmt":"2013-03-01T14:30:36","guid":{"rendered":"http:\/\/inovacao.bellatrix.ufms.br\/?p=953"},"modified":"2022-07-22T13:51:31","modified_gmt":"2022-07-22T17:51:31","slug":"start-up-brasil-anuncia-aceleradoras-selecionadas","status":"publish","type":"post","link":"https:\/\/aginova.ufms.br\/en\/start-up-brasil-anuncia-aceleradoras-selecionadas\/","title":{"rendered":"Start-up Brasil anuncia aceleradoras"},"content":{"rendered":"<p>As nove aceleradoras selecionadas na primeira etapa do programa Start-up Brasil foram anunciadas hoje pelo secret\u00e1rio de Pol\u00edtica de Inform\u00e1tica do Minist\u00e9rio da Ci\u00eancia e Tecnologia e Inova\u00e7\u00e3o (MCTI), Virgilio Almeida, em S\u00e3o Paulo. Foram habilitadas seis empresas:\u00a0<a href=\"http:\/\/21212.com\/\" target=\"_blank\" rel=\"noopener\">21212<\/a>,\u00a0<a href=\"http:\/\/aceleratech.com.br\/\" target=\"_blank\" rel=\"noopener\">Aceleratech<\/a>, Microsoft,\u00a0<a href=\"http:\/\/papayaventures.com\/\" target=\"_blank\" rel=\"noopener\">Papaya<\/a>,\u00a0<a href=\"http:\/\/pipa.vc\/\" target=\"_blank\" rel=\"noopener\">Pipa<\/a>\u00a0e\u00a0<a href=\"http:\/\/br.wayra.org\/\" target=\"_blank\" rel=\"noopener\">Wayra<\/a>. Outras tr\u00eas \u2013\u00a0<a href=\"http:\/\/www.fumsoft.org.br\/\" target=\"_blank\" rel=\"noopener\">Fumsoft<\/a>,\u00a0<a href=\"http:\/\/www.outsourcebrazil.com.br\/ob2\/index.php?lang=pt\" target=\"_blank\" rel=\"noopener\">Outsource<\/a>\u00a0e\u00a0<a href=\"http:\/\/aceleradora.startyouup.com.br\/\" target=\"_blank\" rel=\"noopener\">Start You Up<\/a>\u00a0\u2013 foram qualificadas.<\/p>\n<p>O fato de nove aceleradoras terem sido credenciadas em vez de seis, como previsto inicialmente, foi creditado \u00e0 qualidade e \u00e0 variedade das propostas apresentadas, al\u00e9m da agilidade do ecossistema do setor em se adaptar ao projeto. \u201cO mercado brasileiro amadureceu. As propostas recebidas apresentaram qualidade de benchmarket internacional\u201d, disse o secret\u00e1rio Virgilio.<\/p>\n<p>Ele destacou tamb\u00e9m o entusiasmo do ministro Marco Antonio Raupp com \u201co impacto que o\u00a0<a href=\"http:\/\/startupbrasil.mcti.gov.br\/\" target=\"_blank\" rel=\"noopener\">Start-up Brasil<\/a>\u00a0traz dentro do conceito de inova\u00e7\u00e3o tecnol\u00f3gica que est\u00e1 sendo implantado pelo Programa Estrat\u00e9gico de Software e Servi\u00e7os de Tecnologia da Informa\u00e7\u00e3o, o TI Maior\u201d.<\/p>\n<p>O total de investimento privado entre as aceleradoras selecionadas est\u00e1 previsto em R$ 36 milh\u00f5es, sendo R$ 25 milh\u00f5es para o aporte financeiro e o restante, para business services (servi\u00e7os variados como infraestrutura, equipamento etc.). \u201cAs aceleradoras ter\u00e3o o compromisso de colocar as start-ups com ideias inovadoras, rapidamente no mercado\u201d, disse o representante da pasta federal.<\/p>\n<p>\u201cO nosso papel no MCTI \u00e9 justamente criar um ambiente favor\u00e1vel no setor de TI para estimularmos o nascimento de novas empresas. O governo quer criar start-ups capazes de competir em n\u00edvel internacional e fazer do Brasil um player global no setor de software e servi\u00e7os.\u201d<\/p>\n<p>Cada uma das aceleradoras credenciadas dever\u00e1 apoiar entre oito e dez empresas nascentes, totalizando at\u00e9 100 start-ups. Cada start-up receber\u00e1 tamb\u00e9m R$ 200 mil em recursos federais para desenvolver o neg\u00f3cio em at\u00e9 12 meses.<\/p>\n<p><strong>Risco compartilhado<\/strong><br \/>\nVirgilio explicou ainda que nesse processo, o poder p\u00fablico reduz todo o risco tecnol\u00f3gico e o poder privado assume os riscos de neg\u00f3cio. \u201c\u00c9 por isso que o MCTI coordenou uma banca com representantes reconhecidamente experientes e altamente capacitados em diversos segmentos do neg\u00f3cio, que pudessem avaliar e garantir aceleradoras qualificadas para executar o programa.\u201d<\/p>\n<p>\u201cEstamos vivendo a transi\u00e7\u00e3o da economia de commodities para uma economia do conhecimento\u201d, acrescentou. \u201cO governo est\u00e1 orquestrando os recursos para que as empresas executem e desenvolvam, com excel\u00eancia, toda a cadeia produtiva do setor.\u201d<\/p>\n<p>Os estados brasileiros representados entre as nove empresas contempladas s\u00e3o: Esp\u00edrito Santo, Minas Gerais, Rio de Janeiro, Rio Grande do Norte, Rio Grande do Sul e S\u00e3o Paulo. O dom\u00ednio da regi\u00e3o Sudeste entre as propostas selecionadas foi considerado \u201cnatural\u201d pelo secret\u00e1rio Virgilio, uma vez que o perfil do neg\u00f3cio ainda est\u00e1 concentrado nos grandes centros do pa\u00eds.<\/p>\n<p>\u201c\u00c9 o cen\u00e1rio atual. Mas, certamente \u00e9 um processo que vai se expandir para outras regi\u00f5es, que poder\u00e3o apresentar propostas mais competitivas no futuro\u201d, comentou o secret\u00e1rio. \u201cOutra coisa \u00e9 que j\u00e1 criamos um portf\u00f3lio de desenvolvimento interno, em parceria com o Sebrae, para preparar um hub [polo] fora do eixo Sudeste\/Sul. Ent\u00e3o, para as pr\u00f3ximas edi\u00e7\u00f5es, podemos sim esperar a participa\u00e7\u00e3o inusitada de cidades mais afastadas\u201d, concluiu.<\/p>\n<p><strong>Pr\u00f3xima etapa<\/strong><\/p>\n<p>A segunda etapa do programa envolve o lan\u00e7amento de edital do Conselho Nacional de Dewsenvolvimento Cient\u00edfico e Tecnol\u00f3gico (CNPq\/MCTI) para definir as regras de sele\u00e7\u00e3o das start-ups que ser\u00e3o aceleradas pelas nove empresas selecionadas. Dessas start-ups, at\u00e9 25% poder\u00e3o ser de origem internacional. Na etapa, a ag\u00eancia de fomento e o MCTI disponibilizar\u00e3o R$ 14 milh\u00f5es no primeiro ano para o desenvolvimento da tecnologia e seus servi\u00e7os.<\/p>\n<p>O edital deve ser anunciado at\u00e9 o fim de mar\u00e7o. \u201cEstamos trabalhando em conjunto para os ajustes finais\u201d, informou Virgilio Almeida. \u201cAs aceleradoras assinar\u00e3o um termo de compromisso de metodologia e tempo de acelera\u00e7\u00e3o. N\u00f3s temos tido compromisso especial com o cronograma o para que todo o processo seja leve, f\u00e1cil e eficiente.\u201d<\/p>\n<p>Est\u00e1 prevista a cria\u00e7\u00e3o de uma estrutura de apoio que contempla, dentre outras frentes, marketing e vendas e suporte legal. Al\u00e9m da\u00a0acelera\u00e7\u00e3o de 190 empresas nascentes at\u00e9 2015, as a\u00e7\u00f5es do Start-up Brasil incluem a estrutura\u00e7\u00e3o de um polo internacional para atra\u00e7\u00e3o de investimentos, apoio \u00e0 capta\u00e7\u00e3o de recursos de fundos internacionais de venture capital e presen\u00e7a institucional do Brasil no Vale do Sil\u00edcio (EUA), sob a coordena\u00e7\u00e3o da Ag\u00eancia Brasileira de Promo\u00e7\u00e3o de Exporta\u00e7\u00f5es e Investimentos (Apex Brasil).<\/p>\n<p><strong>Defini\u00e7\u00f5es<\/strong><\/p>\n<p>O conceito de start-ups tem origem nos Estados Unidos e se aplica a empresas de pequeno porte, rec\u00e9m-criadas ou ainda em fase de constitui\u00e7\u00e3o, com atividades ligadas a pesquisa e desenvolvimento (P&amp;D), cujos custos de manuten\u00e7\u00e3o sejam baixos e ofere\u00e7am a possibilidade de r\u00e1pida e consistente gera\u00e7\u00e3o de lucros.<\/p>\n<p>As start-ups de base tecnol\u00f3gica est\u00e3o entre as mais comuns. T\u00eam modelos de neg\u00f3cios diferenciados e inovadores e procuram investimento para crescer r\u00e1pido em um curto espa\u00e7o de tempo.<\/p>\n<p>Aceleradoras, por sua vez, s\u00e3o empresas e outras institui\u00e7\u00f5es de qualquer natureza jur\u00eddica, com ou sem fins lucrativos, que, em fun\u00e7\u00e3o de sua inser\u00e7\u00e3o no mercado e de sua experi\u00eancia em neg\u00f3cios, s\u00e3o capazes de impulsionar novas empresas.<\/p>\n<p>Combinam acesso diferenciado a potenciais clientes e a investidores privados, preparo para capacitar os empreendedores e disposi\u00e7\u00e3o de investir em suas iniciativas, aumentando as chances de que os projetos cres\u00e7am rapidamente e de maneira sustent\u00e1vel.<\/p>\n<p>&nbsp;<\/p>\n<p>Fonte:\u00a0Ascom do MCTI (atualizado em 28\/02\/2013)<\/p>\n","protected":false},"excerpt":{"rendered":"<p>As nove aceleradoras selecionadas na primeira etapa do programa Start-up Brasil foram anunciadas hoje pelo secret\u00e1rio de Pol\u00edtica de Inform\u00e1tica do Minist\u00e9rio da Ci\u00eancia e Tecnologia e Inova\u00e7\u00e3o (MCTI), Virgilio Almeida, em S\u00e3o Paulo. Foram habilitadas seis empresas:\u00a021212,\u00a0Aceleratech, Microsoft,\u00a0Papaya,\u00a0Pipa\u00a0e\u00a0Wayra. Outras tr\u00eas \u2013\u00a0Fumsoft,\u00a0Outsource\u00a0e\u00a0Start You Up\u00a0\u2013 foram qualificadas. O fato de nove aceleradoras terem sido credenciadas em [&hellip;]<\/p>\n","protected":false},"author":4173,"featured_media":954,"comment_status":"closed","ping_status":"closed","sticky":false,"template":"","format":"standard","meta":{"ngg_post_thumbnail":0,"footnotes":""},"categories":[203],"tags":[23,24,22,21],"coauthors":[],"class_list":["post-953","post","type-post","status-publish","format-standard","has-post-thumbnail","hentry","category-noticias-empreendedorismo-inovacao","tag-aceleradora","tag-edital","tag-mcti","tag-startup"],"_links":{"self":[{"href":"https:\/\/aginova.ufms.br\/en\/wp-json\/wp\/v2\/posts\/953","targetHints":{"allow":["GET"]}}],"collection":[{"href":"https:\/\/aginova.ufms.br\/en\/wp-json\/wp\/v2\/posts"}],"about":[{"href":"https:\/\/aginova.ufms.br\/en\/wp-json\/wp\/v2\/types\/post"}],"author":[{"embeddable":true,"href":"https:\/\/aginova.ufms.br\/en\/wp-json\/wp\/v2\/users\/4173"}],"replies":[{"embeddable":true,"href":"https:\/\/aginova.ufms.br\/en\/wp-json\/wp\/v2\/comments?post=953"}],"version-history":[{"count":20,"href":"https:\/\/aginova.ufms.br\/en\/wp-json\/wp\/v2\/posts\/953\/revisions"}],"predecessor-version":[{"id":11990,"href":"https:\/\/aginova.ufms.br\/en\/wp-json\/wp\/v2\/posts\/953\/revisions\/11990"}],"wp:featuredmedia":[{"embeddable":true,"href":"https:\/\/aginova.ufms.br\/en\/wp-json\/wp\/v2\/media\/954"}],"wp:attachment":[{"href":"https:\/\/aginova.ufms.br\/en\/wp-json\/wp\/v2\/media?parent=953"}],"wp:term":[{"taxonomy":"category","embeddable":true,"href":"https:\/\/aginova.ufms.br\/en\/wp-json\/wp\/v2\/categories?post=953"},{"taxonomy":"post_tag","embeddable":true,"href":"https:\/\/aginova.ufms.br\/en\/wp-json\/wp\/v2\/tags?post=953"},{"taxonomy":"author","embeddable":true,"href":"https:\/\/aginova.ufms.br\/en\/wp-json\/wp\/v2\/coauthors?post=953"}],"curies":[{"name":"wp","href":"https:\/\/api.w.org\/{rel}","templated":true}]}}